{"id":1730,"date":"2017-09-01T17:59:35","date_gmt":"2017-09-01T15:59:35","guid":{"rendered":"http:\/\/www.anzianienonsolo.it\/?p=1730"},"modified":"2017-09-01T17:59:35","modified_gmt":"2017-09-01T15:59:35","slug":"crea-t-y-v-online-la-prima-newsletter-di-progetto","status":"publish","type":"post","link":"https:\/\/www.anzianienonsolo.it\/online\/crea-t-y-v-online-la-prima-newsletter-di-progetto\/","title":{"rendered":"CREA.T.Y.V Online la prima Newsletter di progetto"},"content":{"rendered":"<p>Il progetto CREA.T.Y.V. intende aiutare i giovani, in particolare se svantaggiati, a crescere come soggetti attivi nella comunit\u00e0, a sviluppare le proprie capacit\u00e0 e il proprio potenziale grazie alla collaborazione con anziani volontari che, come mentori, li introdurranno<br \/>\nal mondo del volontariato. L\u2019apprendimento intergenerazionale, che si svilupper\u00e0 attraverso lo stretto contatto di queste differenti generazioni, sar\u00e0 alla base del progetto per la sua capacit\u00e0 di creare un ponte tra le persone appartenenti alla stessa comunit\u00e0, unendo le differenti prospettive caratteristiche delle diverse et\u00e0 al fine di creare una base comune per collaborare, per combattere stereotipi e pregiudizi negativi, per lo sviluppo personale e per l\u2019innovazione sociale.<br \/>\nAttraverso le attivit\u00e0 intergenerazionali, infatti, viene promossa la trasmissione di valori, tradizioni, competenze e senso civico, costruendo un senso di identit\u00e0 personale e sociale ed incoraggiando la tolleranza.<br \/>\nInoltre, ai giovani che parteciperanno alle attivit\u00e0, il progetto permetter\u00e0 di imparare a lavorare in una modalit\u00e0 pi\u00f9 inclusiva e di partecipare ad una formazione insieme ad anziani volontari, che li render\u00e0 capaci di guardare al ruolo di volontario in una visione pi\u00f9 ampia<br \/>\ne, in una prospettiva futura, alla loro professione da adulti.<br \/>\nIl volontariato \u00e8 una forma di cittadinanza attiva e la formazione al volontariato, realizzata all\u2019interno di questo progetto attraverso tecniche di socio-dramma in contesti intergenerazionali, \u00e8 in grado di offrire ai giovani l\u2019opportunit\u00e0 di sviluppare competenze sociali e civiche e di contribuire ai progressi sociali della propria comunit\u00e0. I giovani impareranno la modalit\u00e0 a loro pi\u00f9 congeniale per offrire le proprie risorse e il<br \/>\nproprio tempo alla comunit\u00e0, impareranno l\u2019importanza dei diritti umani e dei valori come la tolleranza, rafforzando la coesione e il capitale sociale.<br \/>\nL\u2019obiettivo del Progetto sar\u00e0 quindi fornire ad alcuni giovani tra i 18 e i 25 anni provenienti dalla Romania, dall\u2019Italia e dalla Repubblica Ceca, occasioni di apprendimento non-formale attraverso un programma formativo intergenerazionale dedicato al tema del<br \/>\nvolontariato, utilizzando tecniche di socio-dramma e offrendo alle giovani generazioni il supporto di volontari anziani come mentori, creando nuove competenze utili per il loro sviluppo sociale ed l\u2019inclusione nel mondo del lavoro.<br \/>\nI RISULTATI DEL PROGETTO INCLUDERANNO:<br \/>\n&#8211; Una panoramica sul volontariato intergenerazionale nei vari Paesi coinvolti nel progetto<br \/>\n&#8211; Un programma formative intergenerazionale basato sul socio-dramma<br \/>\n&#8211; Una guida per ragazzi finalizzata a sviluppare le loro competenze e valori grazie all\u2019attivit\u00e0 di volontariato<br \/>\n&#8211; Raccomandazioni per le politiche di supporto al Volontariato giovanile attraverso l\u2019educazione non-formale in contesti intergenerazionali, nei vari Paesi europei coinvolti<br \/>\n&#8211; Il video \u201cYouth Voice in Intergenerational Volunteering\u201d.<br \/>\nDurante il Progetto verr\u00e0 data la possibilit\u00e0 ad alcuni ragazzi provenienti dalla Romania e dalla Repubblica Ceca di partecipare a un breve programma di mobilit\u00e0 transnazionale, durante il quale visiteranno differenti tipi di organizzazioni di volontariato e faranno esperienza di diverse attivit\u00e0 insieme a giovani ed anziani volontari del Paese ospitante.<br \/>\nIl Progetto, finanziato dal programma Erasmus+ (Partnernariati Strategici nel settore Giovent\u00f9) tramite l\u2019Agenzia Rumena ANPCDEFP, verr\u00e0 realizzato da 5 organizzazioni: l\u2019Asociatia Habilitas &#8211; Centrul de Resurse si Formare Profesionala (Romania), l\u2019Asociatia Pro Vobis &#8211; Centrul National de Resurse pentru Voluntariat (Romania), Anziani e non solo (Italia), la Evropska rozovojova agentura \u2013 European Development Agency (Repubblica Ceca) e la Gaiety School of Acting (Irlanda).<br \/>\n<strong>Sito del progetto: <a href=\"http:\/\/www.creatyv.eu\">www.creatyv.eu<\/a><\/strong><br \/>\n<strong>Seguici su Facebook:<\/strong><br \/>\n<a href=\"https:\/\/www.facebook.com\/Creatyv-Project-1894197557530164\/\">https:\/\/www.facebook.com\/Creatyv-Project-1894197557530164\/<\/a><br \/>\n<strong>CONTATTI<\/strong><br \/>\nCoordinatore- Asociatia Habilitas: Ioana Caciula<br \/>\nEmail: <a href=\"mailto:asoc.habilitas@yahoo.com\">asoc.habilitas@yahoo.com<\/a><br \/>\nItalia \u2013 Anziani e non solo: Licia Boccaletti<br \/>\nEmail: <a href=\"mailto:progetti@anzianienonsolo.it\">progetti@anzianienonsolo.it<\/a><br \/>\n<strong>Scarica la newsletter completa <a href=\"http:\/\/www.creatyv.eu\/newsletters-press-releases\/\">http:\/\/www.creatyv.eu\/newsletters-press-releases\/<\/a><\/strong><\/p>\n","protected":false},"excerpt":{"rendered":"<p>Il progetto CREA.T.Y.V. intende aiutare i giovani, in particolare se svantaggiati, a crescere come soggetti attivi nella comunit\u00e0, a sviluppare le proprie capacit\u00e0 e il proprio potenziale grazie alla collaborazione con anziani volontari che, come mentori, li introdurranno al mondo del volontariato.<\/p>\n","protected":false},"author":1,"featured_media":1731,"comment_status":"closed","ping_status":"closed","sticky":false,"template":"","format":"standard","meta":{"footnotes":""},"categories":[121,122],"tags":[163],"class_list":["post-1730","post","type-post","status-publish","format-standard","has-post-thumbnail","hentry","category-formazione","category-silo","tag-creatyvproject"],"_links":{"self":[{"href":"https:\/\/www.anzianienonsolo.it\/online\/wp-json\/wp\/v2\/posts\/1730"}],"collection":[{"href":"https:\/\/www.anzianienonsolo.it\/online\/wp-json\/wp\/v2\/posts"}],"about":[{"href":"https:\/\/www.anzianienonsolo.it\/online\/wp-json\/wp\/v2\/types\/post"}],"author":[{"embeddable":true,"href":"https:\/\/www.anzianienonsolo.it\/online\/wp-json\/wp\/v2\/users\/1"}],"replies":[{"embeddable":true,"href":"https:\/\/www.anzianienonsolo.it\/online\/wp-json\/wp\/v2\/comments?post=1730"}],"version-history":[{"count":0,"href":"https:\/\/www.anzianienonsolo.it\/online\/wp-json\/wp\/v2\/posts\/1730\/revisions"}],"wp:featuredmedia":[{"embeddable":true,"href":"https:\/\/www.anzianienonsolo.it\/online\/wp-json\/wp\/v2\/media\/1731"}],"wp:attachment":[{"href":"https:\/\/www.anzianienonsolo.it\/online\/wp-json\/wp\/v2\/media?parent=1730"}],"wp:term":[{"taxonomy":"category","embeddable":true,"href":"https:\/\/www.anzianienonsolo.it\/online\/wp-json\/wp\/v2\/categories?post=1730"},{"taxonomy":"post_tag","embeddable":true,"href":"https:\/\/www.anzianienonsolo.it\/online\/wp-json\/wp\/v2\/tags?post=1730"}],"curies":[{"name":"wp","href":"https:\/\/api.w.org\/{rel}","templated":true}]}}