{"id":1430,"date":"2016-07-08T18:01:17","date_gmt":"2016-07-08T16:01:17","guid":{"rendered":"http:\/\/www.anzianienonsolo.it\/?p=1430"},"modified":"2016-07-08T18:01:17","modified_gmt":"2016-07-08T16:01:17","slug":"luci_lavoro","status":"publish","type":"post","link":"https:\/\/www.anzianienonsolo.it\/online\/luci_lavoro\/","title":{"rendered":"LUCI SUL LAVORO: immagini musica e parole che raccontano il lavoro"},"content":{"rendered":"<p><em>Federico Boccaletti, presidente della cooperativa \u201cAnziani e non solo\u201d, invitato alla tavola rotonda \u201cLUCI SUL LAVORO\u201d immagini musica e parole che raccontano il lavoro, organizzata da Italia lavoro.<\/em><br \/>\nLa valorizzazione delle competenze quale leva strategica per lavori che cambiano nei mercati che crescono. La sfide dei cosiddetti white jobs che riguardano il lavoro di cura  assistenziale e  socio sanitario.<br \/>\nDi questo si discuter\u00e0 a Montepulciano  sabato 9 luglio nell\u2019ambito dell\u2019iniziativa \u201cLUCI SUL LAVORO\u201d immagini musica e parole che raccontano il lavoro, organizzata da Italia lavoro.<br \/>\nFederico Boccaletti, presidente della cooperativa \u201cAnziani e non solo\u201d, invitato alla tavola rotonda,  coordinata da Andrea Simoncini esperto del Ministero del Lavoro, ha rilasciato la seguente dichiarazione:<\/p>\n<blockquote><p> \u201cIn un mercato del lavoro come quello di cura basato sul rapporto di fiducia e sulle reputazione  vedersi riconosciute e valorizzate le competenze fa la differenza ed \u00e8 la leva per uscire dall\u2019invisibilit\u00e0, dal nero, dallo sfruttamento e al tempo stesso garantire qualit\u00e0 e adeguatezza dell\u2019assistenza. La domanda di cura crescer\u00e0 , le sue forme cambieranno, nuove risorse vanno attratte.Bisogna rendere accessibile  il riconoscimento delle competenze attraverso metodi  e tecnologie che consentano una forte aderenza a standard e a qualit\u00e0 del processo  e al tempo stesso la replicabilit\u00e0 e fruibile. Il riconoscimento delle competenze deve andare di pari passo alla scalabilit\u00e0 e ricomposizione delle competenze anche in  modo trasversale e personalizzato, evitando vicoli ciechi e riserve indiane accompagnando l\u2019evoluzione continua dei ruoli investita dall\u2019impatto delle nuove tecnologie , dalle nuove dimensioni della fragilit\u00e0  e dall\u2019evoluzione del valore sociale  e culturale della cura.&#8221;\n<\/p><\/blockquote>\n","protected":false},"excerpt":{"rendered":"<p>Federico Boccaletti, presidente della cooperativa \u201cAnziani e non solo\u201d, invitato alla tavola rotonda \u201cLUCI SUL LAVORO\u201d immagini musica e parole che raccontano il lavoro, organizzata da Italia lavoro.<\/p>\n","protected":false},"author":1,"featured_media":1172,"comment_status":"closed","ping_status":"closed","sticky":false,"template":"","format":"standard","meta":{"footnotes":""},"categories":[122],"tags":[150,151],"class_list":["post-1430","post","type-post","status-publish","format-standard","has-post-thumbnail","hentry","category-silo","tag-lavoro","tag-white-jobs"],"_links":{"self":[{"href":"https:\/\/www.anzianienonsolo.it\/online\/wp-json\/wp\/v2\/posts\/1430"}],"collection":[{"href":"https:\/\/www.anzianienonsolo.it\/online\/wp-json\/wp\/v2\/posts"}],"about":[{"href":"https:\/\/www.anzianienonsolo.it\/online\/wp-json\/wp\/v2\/types\/post"}],"author":[{"embeddable":true,"href":"https:\/\/www.anzianienonsolo.it\/online\/wp-json\/wp\/v2\/users\/1"}],"replies":[{"embeddable":true,"href":"https:\/\/www.anzianienonsolo.it\/online\/wp-json\/wp\/v2\/comments?post=1430"}],"version-history":[{"count":0,"href":"https:\/\/www.anzianienonsolo.it\/online\/wp-json\/wp\/v2\/posts\/1430\/revisions"}],"wp:featuredmedia":[{"embeddable":true,"href":"https:\/\/www.anzianienonsolo.it\/online\/wp-json\/wp\/v2\/media\/1172"}],"wp:attachment":[{"href":"https:\/\/www.anzianienonsolo.it\/online\/wp-json\/wp\/v2\/media?parent=1430"}],"wp:term":[{"taxonomy":"category","embeddable":true,"href":"https:\/\/www.anzianienonsolo.it\/online\/wp-json\/wp\/v2\/categories?post=1430"},{"taxonomy":"post_tag","embeddable":true,"href":"https:\/\/www.anzianienonsolo.it\/online\/wp-json\/wp\/v2\/tags?post=1430"}],"curies":[{"name":"wp","href":"https:\/\/api.w.org\/{rel}","templated":true}]}}