{"id":1414,"date":"2016-06-28T12:10:09","date_gmt":"2016-06-28T10:10:09","guid":{"rendered":"http:\/\/www.anzianienonsolo.it\/?p=1414"},"modified":"2016-06-28T12:10:09","modified_gmt":"2016-06-28T10:10:09","slug":"welfare-presentato-ddl-al-senato-per-riconoscimento-del-caregiver","status":"publish","type":"post","link":"https:\/\/www.anzianienonsolo.it\/online\/welfare-presentato-ddl-al-senato-per-riconoscimento-del-caregiver\/","title":{"rendered":"Welfare. Presentato ddl al Senato per riconoscimento del \u201ccaregiver\u201d"},"content":{"rendered":"<p><em>Garantire il riconoscimento giuridico ai 3 milioni di persone, soprattutto donne tra i 45 e i 55 anni, che quotidianamente si prendono cura di un famigliare disabile o non autosufficiente. Questo l&#8217;obiettivo del disegno di legge, gi\u00e0 sottoscritto da 73 senatori, presentato a Palazzo Madama il 27 giugno 2016. In 9 articoli, il testo punta al riconoscimento, alla valorizzazione e alla tutela di chi presta assistenza a una persona non autosufficiente.<\/em><br \/>\nGarantire il riconoscimento giuridico ai 3 milioni di persone, soprattutto donne tra i 45 e i 55 anni, che quotidianamente si prendono cura di un famigliare disabile o non autosufficiente. E&#8217; l&#8217;obiettivo del disegno di &#8220;Legge quadro per il riconoscimento e la valorizzazione del caregiver famigliare&#8221;, di cui \u00e8 primo firmatario al Senato il senatore del Pd Ignazio Angioni, che \u00e8 stato illustrato questa mattina in una conferenza stampa alla quale hanno partecipato alcuni dei firmatari, i senatori dem Valeria Fedeli, vicepresidente di Palazzo Madama, Donella Mattesini e Stefano Vaccari, oltre a numerosi rappresentanti delle associazioni del settore.<br \/>\n&#8220;Questo disegno di legge &#8211; ha spiegato Ignazio Angioni &#8211; sottoscritto gi\u00e0 da 73 senatori, ha l&#8217;obiettivo prioritario di riconoscere la figura del caregiver, un nuovo soggetto sociale sul quale \u00e8 caricata la cura di circa 1,5 milioni di persone. La finalit\u00e0 \u00e8 di agevolare a queste persone la conciliazione tra cura, impegni professionali e vita sociale e di relazione. Si parte da una lacuna legislativa che riguarda le donne, credo non a caso. Analoga proposta \u00e8 stata presentata alla Camera dal deputato Pd Edoardo Patriarca, segno evidente che facciamo sul serio&#8221;.<br \/>\nLoredana Ligabue, dell&#8217;associazione Carer dei caregiver dell&#8217;Emilia Romagna ha chiarito come &#8220;il disegno di legge parte dall&#8217;esperienza di alcune regioni come l&#8217;Emilia Romagna e la Sardegna. Si tratta di riconoscere un ruolo e di fare rete tra i caregiver informali, cio\u00e8 questi volontari domestici che sono per lo pi\u00f9 donne e i caregiver formali della rete di assistenza istituzionale, anche per riprogettare le politiche di welfare&#8221;.<br \/>\nIn 9 articoli, il disegno di legge punta alla definizione del caregiving ed \u00e8 finalizzata &#8220;al riconoscimento, alla valorizzazione e alla tutela di chi presta assistenza a una persona non autosufficiente, conciliando tale attivit\u00e0 con la sua vita lavorativa e sociale&#8221;. Si riconosce la possibilit\u00e0 di accedere ad un piano assistenziale individuale, di richiedere flessibilit\u00e0 sul lavoro, di avere assistenza psicologica e formazione, di certificare le competenze acquisite e di poter godere di un sostegno economico.<br \/>\nPietro Vittorio Barbieri, portavoce del Forum del Terzo settore ha riconosciuto come &#8220;in Parlamento si stia producendo il fatto nuovo importante del riconoscimento di una condizione. Non si tratta per\u00f2 di sostituire il servizio pubblico, che deve funzionare e garantire i livelli essenziali di prestazione&#8221;.<br \/>\nAl disegno di legge hanno espresso sostegno, nel corso della conferenza stampa, anche Vincenzo Falabella della Fish, Marco Espa dell&#8217;associazione Abc dei famigliari di bambini cerebrolesi, Maria Irene Trentin del coordinamento donne della Cisl, Elisabetta Ielapi dell&#8217;associazione Alice, Enzo Costa presidente dell&#8217;Auser.<br \/>\nIl senatore del Pd Stefano Vaccari, eletto a Modena, ha ricordato come &#8220;questo disegno di legge muove dalla legge regionale dell&#8217;Emilia Romagna 2\/2014, ha come riferimento un contesto normativo gi\u00e0 definito in Ue e riconosce una nuova soggettivit\u00e0 sociale a persone che svolgono una funzione indispensabile&#8221;.<br \/>\n&#8220;Non si tratta assolutamente di sostituire la rete dei servizi sanitari e socio-assistenziali che deve essere garantita e migliorata &#8211; ha sottolineato la senatrice dem Donella Mattesini &#8211; ma di riconoscere un ruolo a chi ora opera spesso in assoluta solitudine&#8221;.<br \/>\n&#8220;Il fatto che la proposta \u00e9 presente in ambedue i rami del Parlamento &#8211; ha detto Valeria Fedeli in conclusione &#8211; \u00e8 garanzia della volont\u00e0 politica di legiferare davvero. Dobbiamo tenere aperto il confronto con tutti i soggetti e coinvolgere anche il sistema di rappresentanza delle imprese. I caregiver sono soprattutto donne e questo spiega perch\u00e9 finora lo Stato non si sia occupato della materia, ma il fatto che i primi firmatari delle proposte dem siano due uomini \u00e8 molto positivo&#8221;.<br \/>\nArticolo tratto da: <a href=\"http:\/\/www.quotidianosanita.it\/governo-e-parlamento\/articolo.php?articolo_id=41089\" target=\"_blank\" rel=\"noopener\">http:\/\/www.quotidianosanita.it\/governo-e-parlamento\/articolo.php?articolo_id=41089<\/a><\/p>\n<h2>Clicca sul banner per andare allo speciale di approfondimento<\/h2>\n<p><a href=\"http:\/\/www.caregiverfamiliare.it\/?page_id=1138\"><img decoding=\"async\" src=\"http:\/\/www.caregiverfamiliare.it\/wp-content\/uploads\/banner_verticaleSpeciale.jpg\"><\/a><\/p>\n","protected":false},"excerpt":{"rendered":"<p> Questo l&#8217;obiettivo del disegno di legge, gi\u00e0 sottoscritto da 73 senatori, presentato a Palazzo Madama il 27 giugno 2016<\/p>\n","protected":false},"author":1,"featured_media":734,"comment_status":"closed","ping_status":"closed","sticky":false,"template":"","format":"standard","meta":{"footnotes":""},"categories":[116],"tags":[145,146],"class_list":["post-1414","post","type-post","status-publish","format-standard","has-post-thumbnail","hentry","category-carfam","tag-caregiver-day","tag-caregiver-familiare"],"_links":{"self":[{"href":"https:\/\/www.anzianienonsolo.it\/online\/wp-json\/wp\/v2\/posts\/1414"}],"collection":[{"href":"https:\/\/www.anzianienonsolo.it\/online\/wp-json\/wp\/v2\/posts"}],"about":[{"href":"https:\/\/www.anzianienonsolo.it\/online\/wp-json\/wp\/v2\/types\/post"}],"author":[{"embeddable":true,"href":"https:\/\/www.anzianienonsolo.it\/online\/wp-json\/wp\/v2\/users\/1"}],"replies":[{"embeddable":true,"href":"https:\/\/www.anzianienonsolo.it\/online\/wp-json\/wp\/v2\/comments?post=1414"}],"version-history":[{"count":0,"href":"https:\/\/www.anzianienonsolo.it\/online\/wp-json\/wp\/v2\/posts\/1414\/revisions"}],"wp:featuredmedia":[{"embeddable":true,"href":"https:\/\/www.anzianienonsolo.it\/online\/wp-json\/wp\/v2\/media\/734"}],"wp:attachment":[{"href":"https:\/\/www.anzianienonsolo.it\/online\/wp-json\/wp\/v2\/media?parent=1414"}],"wp:term":[{"taxonomy":"category","embeddable":true,"href":"https:\/\/www.anzianienonsolo.it\/online\/wp-json\/wp\/v2\/categories?post=1414"},{"taxonomy":"post_tag","embeddable":true,"href":"https:\/\/www.anzianienonsolo.it\/online\/wp-json\/wp\/v2\/tags?post=1414"}],"curies":[{"name":"wp","href":"https:\/\/api.w.org\/{rel}","templated":true}]}}