{"id":1410,"date":"2016-06-28T10:15:54","date_gmt":"2016-06-28T08:15:54","guid":{"rendered":"http:\/\/www.anzianienonsolo.it\/?p=1410"},"modified":"2016-06-28T10:15:54","modified_gmt":"2016-06-28T08:15:54","slug":"progetto-abused-no-more-comunicato-stampa-del-27-giugno","status":"publish","type":"post","link":"https:\/\/www.anzianienonsolo.it\/online\/progetto-abused-no-more-comunicato-stampa-del-27-giugno\/","title":{"rendered":"Progetto Abused no More &#8211; Comunicato stampa del 27 Giugno"},"content":{"rendered":"<p><a href=\"http:\/\/www.anzianienonsolo.it\/online\/wp-content\/uploads\/2016\/06\/Abused_no_ore_header3okplus.fw_.png\"><img decoding=\"async\" src=\"http:\/\/www.anzianienonsolo.it\/online\/wp-content\/uploads\/2016\/06\/Abused_no_ore_header3okplus.fw_.png\" alt=\"Abused_no_,ore_header3okplus.fw\" width=\"451\" height=\"90\" class=\"aligncenter size-full wp-image-1411\" srcset=\"https:\/\/www.anzianienonsolo.it\/online\/wp-content\/uploads\/2016\/06\/Abused_no_ore_header3okplus.fw_.png 451w, https:\/\/www.anzianienonsolo.it\/online\/wp-content\/uploads\/2016\/06\/Abused_no_ore_header3okplus.fw_-300x60.png 300w\" sizes=\"(max-width: 451px) 100vw, 451px\" \/><\/a><\/p>\n<h2> \u201cConcentrarsi su quello che conta davvero in Europa: l\u2019empowerment dei giovani svantaggiati\u201d<\/h2>\n<p>Questa settimana l\u2019Europa tenter\u00e0 di andare oltre lo shock causato dal referendum britannico, anche rilanciando i propri motivi fondativi, come il rispetto dei diritti individuali, le pari opportunit\u00e0 e la non discriminazione.<br \/>\nProprio di questi temi e della percezione che ne hanno i giovani europei pi\u00f9 marginalizzati tratta una ricerca coordinata dall\u2019Istituto Britannico IARS e condotta in cinque Paesi Europei, tra cui l\u2019Italia, i cui risultati possono essere letti da oggi nella forma di un e-book gratuito che si intitola \u201c<strong><a href=\"http:\/\/www.abusednomore.org\/e-book-download\/\" target=\"_blank\" rel=\"noopener\">My Voice \u2013 My Rights: Young, Marginalised and Empowered by Law<\/a><\/strong>\u201d.<br \/>\nLa ricerca \u00e8 stata condotta, con il coinvolgimento diretto dei ragazzi anche in qualit\u00e0 di co-ricercatori oltre che nel nostro Paese anche nel Regno Unito, in Polonia, a Cipro ed in Romania e rivela che la scarsa conoscenza dei propri diritti conduce a un circolo vizioso di ulteriore marginalizzazione ed esclusione.<br \/>\n<strong>Licia Boccaletti, responsabile del progetto per Anziani e non solo:<\/strong> <em>la nostra ricerca mostra come in Italia vi siano dei fenomeni discriminatori che colpiscono in modo particolare le generazioni pi\u00f9 giovani, in particolare per il contesto in cui vengono agite (quello scolastico) o perch\u00e9 legate a quella fase di vita o perch\u00e9 difficilmente riconoscibili in quanto inserite in un contesto complesso (come la discriminazione per et\u00e0 in ambito lavorativo che si camuffa e rafforza in quella etnica e si mescola e si mimetizza ad un pi\u00f9 generalizzato contesto di disoccupazione giovanile). Anche le discriminazioni multiple risultano frequenti ed evidenti, mescolando: et\u00e0, genere, origine etnica. D\u2019altra parte, i giovani sono anche coloro che meno segnalano e denunciano e che meno sembrano avere consapevolezza rispetto a come intervenire qualora una discriminazione si palesi e li veda vittime o testimoni.<\/em><br \/>\nAumentare l\u2019alfabetizzazione legale dei giovani \u2013 in particolare di quelli pi\u00f9 svantaggiati \u2013 attraverso iniziative dedicate \u00e8 uno strumento chiave per facilitare l\u2019integrazione e promuovere l\u2019inclusione. D\u2019altra parte, i sistemi europei di educazione e formazione sono spesso ancora carenti quando si tratta di dare ai ragazzi le conoscenze di base necessarie ad affermare i propri diritti nel caso in cui si trovino di fronte situazioni di discriminazione o abuso.<br \/>\n<strong>Antonio Silva Mendes, direttore dell\u2019area Giovani e Sport presso la DG Educazione e Cultura della Commissione Europea, nella sua prefazione alla ricerca, ha affermato:<\/strong><br \/>\n<em>\u201cL\u2019esclusione sociale dei giovani \u00e8 una delle principali sfide che l\u2019Europa deve affrontare. E\u2019 una questione multi-sfaccettata che richiede risposte multiple. \u201cAbused no more\u201d introduce la talvolta dimenticata nozione di alfabetizzazione legale nei nostri sistemi di formazione come un modo piuttosto innovativo di prevenire la marginalizzazione e l\u2019esclusione sociale. \u201cMy Voice \u2013 My rights\u201d ci d\u00e0 l\u2019opportunit\u00e0 di riscoprire i nostri sistemi legali e di cercare l\u00ec le soluzioni ma \u2013 ancora pi\u00f9 importante \u2013 ci fa realizzare che i diritti individuali non sono solo uno strumento per prevenire la marginalizzazione ma anche uno specchio dei nostri valori europei come la libert\u00e0, la tolleranza, la non discriminazione. Riesplorare le nostre radici e il nostro patrimonio culturale comune pu\u00f2 davvero essere una risposta efficace alle numerose crisi che l\u2019Europa sta affrontando&#8221;.<\/em><br \/>\nLa ricerca \u00e8 stata condotta nell\u2019ambito del progetto triennale \u201cAbused No More\u201d Empowering Youth and Safeguarding Professionals\u201d (AnM). \u201cAnM\u201d, co-finanziato dal programma Erasmus+, \u00e8 la prima iniziativa Europea che si occupa della mancanza di alfabetizzazione legale tra i giovani a rischio di esclusione sociale completamente guidata nella sua realizzazione dai giovani stessi. In particolare, lo studio si \u00e8 focalizzato sui ragazzi che affrontano discriminazioni multiple ed intersezionali sulla base dell\u2019et\u00e0, del genere e dell\u2019origine etnica.<br \/>\n<strong>Theo Gavrielides \u2013 Fondatore e Direttore di IARS e coordinatore del progetto ha dichiarato:<\/strong> <em>\u201cIl Regno Unito e la nostra organizzazione sono stati scelti dalla Commissione Europea per guidare questo progetto che ha l\u2019obiettivo di rafforzare i giovani europei pi\u00f9 ai margini. Oggi diffondiamo i risultati e le raccomandazioni dei nostri giovani che hanno dimostrato di credere ancora nella possibilit\u00e0 di costruire un\u2019Europa unita e nei suoi valori chiave di promozione della pace e del benessere dei suoi abitanti. Che questo, alla luce del referendum, possa essere un segnale a dimostrazione del fatto che il sogno nato alla fine della seconda guerra mondiale non si \u00e8 infranto.<\/em><br \/>\nI risultati si basano su un\u2019ampia revisione della letterature in sei lingue e sulla ricerca sul campo che ha coinvolto oltre 80 ragazzi e 20 organizzazioni nei diversi Paesi. La ricerca sar\u00e0 presentata e discussa durante una conferenza internazionale organizzata a Cipro il 22 Settembre prossimo da parte del partner Action for Equality, Support, Antiracism (KISA).<\/p>\n<hr align=\u201dleft\u201d size=\u201d1\u2033 width=\u201d300\u2033 color=\u201dred\u201d noshade>\n<h3>Note:<\/h3>\n<p>\uf0b7 L\u2019 e-book completo (che include il report in Italiano) e la sintesi possono essere scricati gratuitamente da: <strong><a href=\"http:\/\/www.abusednomore.org\/2016\/06\/27\/download-the-report\/\" target=\"_blank\" rel=\"noopener\">http:\/\/www.abusednomore.org\/2016\/06\/27\/download-the-report\/<\/a><\/strong><br \/>\n\uf0b7 Per saperne di pi\u00f9 sul progetto Abused No More: <strong><a href=\"http:\/\/www.abusednomore.org\" target=\"_blank\" rel=\"noopener\">http:\/\/www.abusednomore.org<\/a><\/strong><br \/>\n\uf0b7 Per aderire alla Rete Abused No More: <a href=\"http:\/\/www.abusednomore.org\/join-our-network\/\" target=\"_blank\" rel=\"noopener\"><strong>http:\/\/www.abusednomore.org\/join-our-network\/<\/strong><\/a><br \/>\n\uf0b7 Abused No More \u00e8 co-finanziato dalla commissione europea tramite il contratto nr. 2015-1-UK01-KA205-012555<br \/>\n\uf0b7 Per maggiori informazioni: Licia Boccaletti \u2013 Anziani e non solo &#8211; <a href=\"mailto:progetti@anzianienonsolo.it\" target=\"_blank\" rel=\"noopener\">progetti@anzianienonsolo.it<\/a> \u2013 Tel. 059\/645421<br \/>\n\uf0b7 Il progetto \u00e8 realizzato da un partenariato composto, oltre che da Anziani e non solo, da: Stowarzyszenie Interwencji Prawnej (Polonia), KISA &#8211; Action for Equality, Support, Antiracism (Cipro), Romanian U.S. Alumni Association (Romania)<\/p>\n<hr align=\u201dleft\u201d size=\u201d1\u2033 width=\u201d300\u2033 color=\u201dred\u201d noshade>\n<a href=\"http:\/\/www.abusednomore.org\/wp-content\/uploads\/2015\/11\/Press_ReleaseANM_E-book.pdf\" target=\"_blank\" rel=\"noopener\"><strong>Scarica il comunicato in formato .pdf<\/strong><\/a><\/p>\n","protected":false},"excerpt":{"rendered":"<p>\u201cConcentrarsi su quello che conta davvero in Europa: l\u2019empowerment dei giovani svantaggiati\u201d Questa settimana l\u2019Europa tenter\u00e0 di andare oltre lo shock causato dal referendum britannico, anche rilanciando i propri motivi fondativi, come il rispetto dei diritti individuali, le pari opportunit\u00e0 e la non discriminazione. Proprio di questi temi e della percezione che ne hanno i<\/p>\n","protected":false},"author":1,"featured_media":1412,"comment_status":"closed","ping_status":"closed","sticky":false,"template":"","format":"standard","meta":{"footnotes":""},"categories":[115],"tags":[],"class_list":["post-1410","post","type-post","status-publish","format-standard","has-post-thumbnail","hentry","category-pre-viol-ab"],"_links":{"self":[{"href":"https:\/\/www.anzianienonsolo.it\/online\/wp-json\/wp\/v2\/posts\/1410"}],"collection":[{"href":"https:\/\/www.anzianienonsolo.it\/online\/wp-json\/wp\/v2\/posts"}],"about":[{"href":"https:\/\/www.anzianienonsolo.it\/online\/wp-json\/wp\/v2\/types\/post"}],"author":[{"embeddable":true,"href":"https:\/\/www.anzianienonsolo.it\/online\/wp-json\/wp\/v2\/users\/1"}],"replies":[{"embeddable":true,"href":"https:\/\/www.anzianienonsolo.it\/online\/wp-json\/wp\/v2\/comments?post=1410"}],"version-history":[{"count":0,"href":"https:\/\/www.anzianienonsolo.it\/online\/wp-json\/wp\/v2\/posts\/1410\/revisions"}],"wp:featuredmedia":[{"embeddable":true,"href":"https:\/\/www.anzianienonsolo.it\/online\/wp-json\/wp\/v2\/media\/1412"}],"wp:attachment":[{"href":"https:\/\/www.anzianienonsolo.it\/online\/wp-json\/wp\/v2\/media?parent=1410"}],"wp:term":[{"taxonomy":"category","embeddable":true,"href":"https:\/\/www.anzianienonsolo.it\/online\/wp-json\/wp\/v2\/categories?post=1410"},{"taxonomy":"post_tag","embeddable":true,"href":"https:\/\/www.anzianienonsolo.it\/online\/wp-json\/wp\/v2\/tags?post=1410"}],"curies":[{"name":"wp","href":"https:\/\/api.w.org\/{rel}","templated":true}]}}