{"id":1320,"date":"2016-03-30T10:06:41","date_gmt":"2016-03-30T08:06:41","guid":{"rendered":"http:\/\/www.anzianienonsolo.it\/?p=1320"},"modified":"2016-03-30T10:06:41","modified_gmt":"2016-03-30T08:06:41","slug":"legge-quadro-nazionale-per-il-riconoscimento-del-caregiver-familiare","status":"publish","type":"post","link":"https:\/\/www.anzianienonsolo.it\/online\/legge-quadro-nazionale-per-il-riconoscimento-del-caregiver-familiare\/","title":{"rendered":"Legge-quadro nazionale per il riconoscimento del caregiver familiare"},"content":{"rendered":"<p><em>Promosso da <a href=\"http:\/\/www.anzianienonsolo.it\" target=\"_blank\" rel=\"noopener\"><strong>Anziani e non solo<\/strong><\/a>  e <strong><a href=\"http:\/\/www.associazionecarer.it\/\" target=\"_blank\" rel=\"noopener\">Carer<\/a><\/strong> (associazione CARegiver E-R), l&#8217;evento in cui viene presentata la legge-quadro nazionale per il riconoscimento del caregiver familiare, testo depositato alla Camera dal deputato Edoardo Patriarca (Pd) e al Senato dal senatore Ignazio Angioni (Pd).<\/em><br \/>\nLe principali piattaforme europee  EUROCARERS, CoFACE e AGE Platform che rappresentano rispettivamente caregiver, famiglie, anziani, patrocinano e sostengono, insieme alle associazioni nazionali ADA, Anteas, Auser, Centro Nazionale per il Volontariato, l&#8217;incontro che si tiene a Roma, Sala Aldo Moro &#8211; Palazzo Montecitorio, Gioved\u00ec, 31 marzo 2016 ore 10.00\/13.00<br \/>\nI testi (pdl 3527 alla Camera e successivo ddl 2266 al Senato), sono stati elaborati in base all\u2019esperienza degli annuali \u201cCaregiver Day\u201d realizzati dal 2011 a Carpi proprio da \u201cAnziani e non solo\u201d, e sul modello della legge regionale vigente da due anni in Emilia-Romagna, prima \u2013 e finora unica \u2013 regione a darsi una normativa sul problema, sempre pi\u00f9 diffuso, dei familiari che devono occuparsi di propri congiunti non autosufficienti per le pi\u00f9 varie cause (perch\u00e9 anziani, o malati, o disabili o tossicodipendenti o etilisti ecc), con gravi ripercussioni sul proprio lavoro e sul proprio vivere.<br \/>\nUn esempio, quello emiliano-romagnolo, che oltre al Parlamento nazionale sta ispirando anche alcune assemblee regionali: infatti sono almeno sei \u2013 Abruzzo, Campania, Lazio, Marche, Piemonte e Sardegna \u2013 quelle dove \u00e8 stata presentata una proposta di legge sulla figura del caregiver, con finalit\u00e0 analoghe alla normativa approvata a Bologna nel marzo 2014.<br \/>\nIl testo depositato a Montecitorio si intitola \u201cDisposizioni per il riconoscimento e il sostegno dell\u2019attivit\u00e0 di cura e assistenza familiare\u201d e consta di nove articoli, per introdurre nella legislazione dello Stato alcune novit\u00e0 quali l\u2019obbligo per le Regioni di prevedere politiche di sostegno, con aiuti concreti quali sollievo programmato e d\u2019emergenza, sostegno psicologico, informazione, formazione ai caregiver; accordi con i datori di lavoro per favorire orari flessibili e con compagnie di assicurazione per offrire polizze mirate e scontate; sgravi fiscali per le spese di cura sostenute dai caregiver; riconoscimento di crediti formativi per i caregiver in et\u00e0 scolastico-universitaria; infine, ma non da meno, interventi di sensibilizzazione.<br \/>\nOltre ai primi firmatari nella rispettiva camera \u2013 ovvero il deputato Edoardo Patriarca (Pd), della Commissione Affari Sociali, e il senatore Ignazio Angioni (Pd), della Commissione Lavoro previdenza sociale \u2013 saranno presenti l\u2019assessore regionale abruzzese Marinella Sclocco e la consigliera sarda Rossella Pinna, che illustreranno le caratteristiche del rispettivo testo di legge, mentre a raccontare l\u2019esperienza dell\u2019Emilia-Romagna saranno la consigliera Roberta Mori, coordinatrice nazionale degli organismi per le pari opportunit\u00e0, e Loredana Ligabue, direttrice di \u201cAnziani e non solo\u201d, che da molto tempo lavora su questi temi e che ha ispirato la legge regionale emiliano-romagnola; per le conclusioni \u00e8 stato invitata Franca Biondelli, sotto-segretaria al Ministero del lavoro e delle politiche sociali.<br \/>\nIl disegno di legge in Senato \u2013 \u201cLegge quadro nazionale per il riconoscimento e la valorizzazione del caregiver familiare\u201d, composto anch\u2019esso di 9 articoli, molto simili al testo della Camera \u2013 \u00e8 sottoscritto da appartenenti a diversi gruppi: dal Pd ai \u201cverdiniani\u201d, dall\u2019Ncd-Udc al \u201cmisto\u201d e a quello delle autonomie-Psi.<br \/>\nL\u2019iniziativa del 31 marzo (ore 10-13) \u00e8 patrocinata dalle tre piattaforme europee impegnate nel riconoscimento dei diritti dei caregiver familiari \u2013 Eurocarers, Coface e Age Platform \u2013 e alcune importanti associazioni nazionali del Terzo settore, quali Ada, Antea, Auser e Centro nazionale per il volontariato.<\/p>\n<hr align=\u201dleft\u201d size=\u201d1\u2033 width=\u201d300\u2033 color=\u201dred\u201d noshade>\n<strong>L\u2019INCONTRO SI PROPONE DI:<\/strong><br \/>\nA) evidenziare il ruolo e le problematiche del Caregiver familiare (persona che volontariamente, in modo gratuito e<br \/>\nresponsabile, si prende cura di una persona cara in condizioni di non autosufficienza o comunque di necessit\u00e0 di assistenza<br \/>\ndi lunga durata);<br \/>\nB) illustrare gli elementi caratterizzanti la legge in vigore della Regione Emilia Romagna che, prima in Italia ha riconosciuto il ruolo del caregiver familiare ed il suo iter di attuazione;<br \/>\nC) porre l\u2019accento sul fatto che in diverse Regioni italiane sono stati presentati progetti di legge con analoghe finalit\u00e0;<br \/>\nD) presentare la proposta di LEGGE QUADRO NAZIONALE PER IL RICONOSCIMENTO<br \/>\n<strong><a href=\"http:\/\/www.caregiverfamiliare.it\/wp-content\/uploads\/programma_31-marzomontecitorio.pdf\" target=\"_blank\" rel=\"noopener\">Scarica il programma completo<\/a><\/strong><br \/>\nL\u2019accesso alla sala \u00e8 vincolato dalla capienza<br \/>\nPer partecipare \u00e8 necessario accreditarsi<br \/>\nGiacca obbligatoria per gli uomini.<br \/>\nI GIORNALISTI DEVONO ACCREDITARSI PRESSO:<br \/>\n<a href=\"mailto:SG_UFFICIOSTAMPA@CAMERA.IT\"><strong>SG_UFFICIOSTAMPA@CAMERA.IT<\/strong><\/a> &#8211; FAX 06 6783082<br \/>\nTELECAMERE E MEZZI AUDIOVISIVI DEVONO ESSERE AUTORIZZATI.<br \/>\n<strong>SEGRETERIE ORGANIZZATIVE<\/strong><br \/>\nASSOCIAZIONE CARER 059645421 &#8211; <a href=\"mailto:info@associazionecarer.it\">info@associazionecarer.it<\/a><br \/>\nCENTRO NAZIONALE PER IL VOLONTARIATO<br \/>\nTel. 0583 419500 Fax 0583 419501<br \/>\n<a href=\"mailto:cnv@centrovolontariato.it\">cnv@centrovolontariato.it<\/a> &#8211; <a href=\"http:\/\/www.centrovolontariato.net\" target=\"_blank\" rel=\"noopener\">www.centrovolontariato.net<\/a><\/p>\n","protected":false},"excerpt":{"rendered":"<p>Promosso da <a href=\"http:\/\/www.anzianienonsolo.it\" target=\"_blank\" rel=\"noopener\"><strong>Anziani e non solo<\/strong><\/a>  e <strong><a href=\"http:\/\/www.associazionecarer.it\/\" target=\"_blank\" rel=\"noopener\">Carer<\/a><\/strong> (associazione CARegiver E-R), l&#8217;evento in cui viene presentata la legge-quadro nazionale per il riconoscimento del caregiver familiare, testo depositato alla Camera dal deputato Edoardo Patriarca (Pd) e al Senato dal senatore Ignazio Angioni (Pd).<\/p>\n","protected":false},"author":1,"featured_media":381,"comment_status":"closed","ping_status":"closed","sticky":false,"template":"","format":"standard","meta":{"footnotes":""},"categories":[116,120],"tags":[],"class_list":["post-1320","post","type-post","status-publish","format-standard","has-post-thumbnail","hentry","category-carfam","category-generale"],"_links":{"self":[{"href":"https:\/\/www.anzianienonsolo.it\/online\/wp-json\/wp\/v2\/posts\/1320"}],"collection":[{"href":"https:\/\/www.anzianienonsolo.it\/online\/wp-json\/wp\/v2\/posts"}],"about":[{"href":"https:\/\/www.anzianienonsolo.it\/online\/wp-json\/wp\/v2\/types\/post"}],"author":[{"embeddable":true,"href":"https:\/\/www.anzianienonsolo.it\/online\/wp-json\/wp\/v2\/users\/1"}],"replies":[{"embeddable":true,"href":"https:\/\/www.anzianienonsolo.it\/online\/wp-json\/wp\/v2\/comments?post=1320"}],"version-history":[{"count":0,"href":"https:\/\/www.anzianienonsolo.it\/online\/wp-json\/wp\/v2\/posts\/1320\/revisions"}],"wp:featuredmedia":[{"embeddable":true,"href":"https:\/\/www.anzianienonsolo.it\/online\/wp-json\/wp\/v2\/media\/381"}],"wp:attachment":[{"href":"https:\/\/www.anzianienonsolo.it\/online\/wp-json\/wp\/v2\/media?parent=1320"}],"wp:term":[{"taxonomy":"category","embeddable":true,"href":"https:\/\/www.anzianienonsolo.it\/online\/wp-json\/wp\/v2\/categories?post=1320"},{"taxonomy":"post_tag","embeddable":true,"href":"https:\/\/www.anzianienonsolo.it\/online\/wp-json\/wp\/v2\/tags?post=1320"}],"curies":[{"name":"wp","href":"https:\/\/api.w.org\/{rel}","templated":true}]}}