{"id":13173,"date":"2025-12-05T11:54:04","date_gmt":"2025-12-05T10:54:04","guid":{"rendered":"https:\/\/www.anzianienonsolo.it\/online\/?p=13173"},"modified":"2026-02-03T13:02:49","modified_gmt":"2026-02-03T12:02:49","slug":"our-voices-newsletter-2","status":"publish","type":"post","link":"https:\/\/www.anzianienonsolo.it\/online\/our-voices-newsletter-2\/","title":{"rendered":"Valorizzare la voce dei giovani caregiver in Europa"},"content":{"rendered":"\n<p>Il progetto europeo&nbsp;<strong>OUR VOICES<\/strong>&nbsp;nasce proprio con l\u2019obiettivo di cambiare questa prospettiva. L\u2019iniziativa, co-finanziata dal programma CERV dell\u2019Unione Europea, riunisce organizzazioni di Italia, Svezia, Bulgaria, Slovenia, Belgio \u2013 insieme alla rete europea Eurocarers \u2013 per costruire spazi concreti di ascolto, partecipazione e rappresentanza per i giovani caregiver.<\/p>\n\n\n\n<hr class=\"wp-block-separator has-alpha-channel-opacity\"\/>\n\n\n\n<h2 class=\"wp-block-heading\">Una partnership internazionale per un cambiamento reale<\/h2>\n\n\n\n<p>Al progetto partecipano:<\/p>\n\n\n\n<ul class=\"wp-block-list\">\n<li><strong>Anziani e Non Solo (Italia)<\/strong>, attiva dal 2004 anche nella promozione di iniziative europee;<\/li>\n\n\n\n<li><strong>Eurocarers (Belgio)<\/strong>, coordinatore del progetto;<\/li>\n\n\n\n<li><strong>Linnaeus University (Svezia)<\/strong>;<\/li>\n\n\n\n<li><strong>Zojong (Fiandre)<\/strong>;<\/li>\n\n\n\n<li><strong>Social Network VESTA (Bulgaria)<\/strong>;<\/li>\n\n\n\n<li><strong>Universit\u00e0 di Lubiana (Slovenia)<\/strong>.<\/li>\n<\/ul>\n\n\n\n<p>Insieme, queste realt\u00e0 stanno lavorando per individuare strumenti innovativi che consentano ai giovani caregiver di avere un ruolo attivo nelle decisioni che li riguardano.<\/p>\n\n\n\n<hr class=\"wp-block-separator has-alpha-channel-opacity\"\/>\n\n\n\n<h2 class=\"wp-block-heading\">Mappatura dei meccanismi di partecipazione: cosa abbiamo scoperto<\/h2>\n\n\n\n<p>Durante i primi mesi di lavoro, i partner hanno condotto una&nbsp;<strong>mappatura dei meccanismi di partecipazione<\/strong>&nbsp;gi\u00e0 presenti nei Paesi coinvolti, analizzando pratiche, normative, servizi e iniziative dedicate ai minori vulnerabili.<\/p>\n\n\n\n<p>Questa analisi si \u00e8 basata su due revisioni parallele:<\/p>\n\n\n\n<h3 class=\"wp-block-heading\">Revisione della letteratura scientifica<\/h3>\n\n\n\n<p>Condotta dall\u2019Universit\u00e0 di Lubiana e dalla Linnaeus University, ha preso in esame oltre mille pubblicazioni, di cui solo 22 hanno soddisfatto i criteri di qualit\u00e0 richiesti. Poich\u00e9 gli studi sui giovani caregiver sono ancora pochi, la ricerca ha incluso anche contributi relativi a bambini con disabilit\u00e0, background migratorio o situazioni familiari complesse.<\/p>\n\n\n\n<h3 class=\"wp-block-heading\">Revisione della letteratura grigia<\/h3>\n\n\n\n<p>Tutti i partner hanno raccolto documenti istituzionali, rapporti, politiche nazionali, materiali da Consigli dei Giovani e Parlamenti dei Bambini. Su 318 documenti iniziali, 99 sono stati inclusi nell\u2019analisi.<\/p>\n\n\n\n<hr class=\"wp-block-separator has-alpha-channel-opacity\"\/>\n\n\n\n<h2 class=\"wp-block-heading\">Cosa emerge dall\u2019analisi?<\/h2>\n\n\n\n<p>I risultati mostrano un quadro variegato, ma con alcune costanti:<\/p>\n\n\n\n<ul class=\"wp-block-list\">\n<li>In molti casi,\u00a0<strong>i bambini non sono coinvolti direttamente<\/strong>\u00a0nei processi decisionali, anche quando la partecipazione \u00e8 il tema centrale.<\/li>\n\n\n\n<li>I meccanismi esistenti sono spesso fragili, vulnerabili ai cambiamenti politici e alla scarsit\u00e0 di risorse.<\/li>\n\n\n\n<li>Le procedure di reclamo a misura di bambino sono rare e poco accessibili.<\/li>\n\n\n\n<li>Le iniziative restano per lo pi\u00f9 consultive: la voce adulta continua a dominare il dialogo.<\/li>\n\n\n\n<li>Le informazioni rivolte ai minori sono spesso pensate per gli adulti, risultando poco comprensibili.<\/li>\n<\/ul>\n\n\n\n<p>Le differenze tra Paesi sono significative:<\/p>\n\n\n\n<ul class=\"wp-block-list\">\n<li><strong>Slovenia e Italia<\/strong>\u00a0hanno un impianto basato sui diritti, ma con un\u2019applicazione variabile.<\/li>\n\n\n\n<li><strong>Bulgaria<\/strong>\u00a0evidenzia barriere strutturali importanti.<\/li>\n\n\n\n<li><strong>Svezia<\/strong>\u00a0dispone di servizi eccellenti, ma non di un riconoscimento formale dei giovani caregiver.<\/li>\n\n\n\n<li><strong>Fiandre<\/strong>\u00a0prevedono la partecipazione per legge, ma in pratica molte azioni sono guidate dalle ONG.<\/li>\n<\/ul>\n\n\n\n<p>Il messaggio generale \u00e8 chiaro: serve un salto di qualit\u00e0 verso una partecipazione&nbsp;<strong>pi\u00f9 inclusiva, strutturata e orientata al potere decisionale reale<\/strong>&nbsp;dei bambini e dei ragazzi.<\/p>\n\n\n\n<hr class=\"wp-block-separator has-alpha-channel-opacity\"\/>\n\n\n\n<h2 class=\"wp-block-heading\">I prossimi passi del progetto<\/h2>\n\n\n\n<p>La seconda fase di OUR VOICES prevede la&nbsp;<strong>creazione di materiali formativi<\/strong>&nbsp;rivolti a professionisti, insegnanti, operatori sociali e sanitari, educatori e volontari.<br>Il percorso affronter\u00e0:<\/p>\n\n\n\n<ul class=\"wp-block-list\">\n<li>il riconoscimento e le sfide dei giovani caregiver;<\/li>\n\n\n\n<li>i meccanismi di identificazione;<\/li>\n\n\n\n<li>strategie di supporto efficaci;<\/li>\n\n\n\n<li>strumenti e modelli di partecipazione;<\/li>\n\n\n\n<li>competenze di auto-rappresentanza;<\/li>\n\n\n\n<li>linee guida per contesti educativi e di cura.<\/li>\n<\/ul>\n\n\n\n<p>Questi materiali saranno sperimentati in workshop locali o online in ciascun Paese, e successivamente valutati per misurarne l\u2019impatto.<\/p>\n\n\n\n<hr class=\"wp-block-separator has-alpha-channel-opacity\"\/>\n\n\n\n<h2 class=\"wp-block-heading\">Conclusioni: perch\u00e9 questo progetto \u00e8 importante<\/h2>\n\n\n\n<p>OUR VOICES rappresenta un passo fondamentale nel riconoscere il diritto dei giovani caregiver a&nbsp;<em>essere ascoltati, rappresentati e coinvolti<\/em>&nbsp;nelle decisioni che li riguardano da vicino.<br>Costruire un\u2019Europa pi\u00f9 equa e inclusiva significa anche dare voce a chi, troppo spesso, resta ai margini.<\/p>\n\n\n\n<p>Per approfondire scarica la seconda newsletter di progetto: <a href=\"https:\/\/ourvoicesproject.eu\/download\/297\/?tmstv=1764327254\">https:\/\/ourvoicesproject.eu\/download\/297\/?tmstv=1764327254<\/a><\/p>\n\n\n\n<p>Per seguire gli sviluppi del progetto:\u00a0<strong><a href=\"https:\/\/ourvoicesproject.eu\/\">https:\/\/ourvoicesproject.eu<\/a><\/strong><br>Sui social:\u00a0<strong>#OURVOICES_PROJECT_EU<\/strong><\/p>\n","protected":false},"excerpt":{"rendered":"<p>Il progetto europeo\u00a0OUR VOICES\u00a0nasce proprio con l\u2019obiettivo di cambiare questa prospettiva. <\/p>\n","protected":false},"author":1,"featured_media":13174,"comment_status":"closed","ping_status":"closed","sticky":false,"template":"","format":"standard","meta":{"footnotes":""},"categories":[176,173,178],"tags":[],"class_list":["post-13173","post","type-post","status-publish","format-standard","has-post-thumbnail","hentry","category-giovani","category-giovani-caregiver-2","category-in-primo-piano"],"_links":{"self":[{"href":"https:\/\/www.anzianienonsolo.it\/online\/wp-json\/wp\/v2\/posts\/13173"}],"collection":[{"href":"https:\/\/www.anzianienonsolo.it\/online\/wp-json\/wp\/v2\/posts"}],"about":[{"href":"https:\/\/www.anzianienonsolo.it\/online\/wp-json\/wp\/v2\/types\/post"}],"author":[{"embeddable":true,"href":"https:\/\/www.anzianienonsolo.it\/online\/wp-json\/wp\/v2\/users\/1"}],"replies":[{"embeddable":true,"href":"https:\/\/www.anzianienonsolo.it\/online\/wp-json\/wp\/v2\/comments?post=13173"}],"version-history":[{"count":3,"href":"https:\/\/www.anzianienonsolo.it\/online\/wp-json\/wp\/v2\/posts\/13173\/revisions"}],"predecessor-version":[{"id":13267,"href":"https:\/\/www.anzianienonsolo.it\/online\/wp-json\/wp\/v2\/posts\/13173\/revisions\/13267"}],"wp:featuredmedia":[{"embeddable":true,"href":"https:\/\/www.anzianienonsolo.it\/online\/wp-json\/wp\/v2\/media\/13174"}],"wp:attachment":[{"href":"https:\/\/www.anzianienonsolo.it\/online\/wp-json\/wp\/v2\/media?parent=13173"}],"wp:term":[{"taxonomy":"category","embeddable":true,"href":"https:\/\/www.anzianienonsolo.it\/online\/wp-json\/wp\/v2\/categories?post=13173"},{"taxonomy":"post_tag","embeddable":true,"href":"https:\/\/www.anzianienonsolo.it\/online\/wp-json\/wp\/v2\/tags?post=13173"}],"curies":[{"name":"wp","href":"https:\/\/api.w.org\/{rel}","templated":true}]}}