{"id":12988,"date":"2025-09-20T16:56:00","date_gmt":"2025-09-20T14:56:00","guid":{"rendered":"https:\/\/www.anzianienonsolo.it\/online\/?p=12988"},"modified":"2025-10-14T17:07:13","modified_gmt":"2025-10-14T15:07:13","slug":"il-progetto-ski-f-t","status":"publish","type":"post","link":"https:\/\/www.anzianienonsolo.it\/online\/il-progetto-ski-f-t\/","title":{"rendered":"Il Progetto SKI.F.T.: verso un nuovo bilancio sociale e di sostenibilit\u00e0 per Anziani e non solo"},"content":{"rendered":"<div class=\"wp-block-image\">\n<figure class=\"alignleft size-full is-resized\"><img fetchpriority=\"high\" decoding=\"async\" width=\"650\" height=\"650\" src=\"https:\/\/www.anzianienonsolo.it\/online\/wp-content\/uploads\/2025\/10\/Logo-SKIFT_color.jpg\" alt=\"\" class=\"wp-image-12990\" style=\"width:184px;height:auto\" srcset=\"https:\/\/www.anzianienonsolo.it\/online\/wp-content\/uploads\/2025\/10\/Logo-SKIFT_color.jpg 650w, https:\/\/www.anzianienonsolo.it\/online\/wp-content\/uploads\/2025\/10\/Logo-SKIFT_color-300x300.jpg 300w, https:\/\/www.anzianienonsolo.it\/online\/wp-content\/uploads\/2025\/10\/Logo-SKIFT_color-150x150.jpg 150w, https:\/\/www.anzianienonsolo.it\/online\/wp-content\/uploads\/2025\/10\/Logo-SKIFT_color-50x50.jpg 50w, https:\/\/www.anzianienonsolo.it\/online\/wp-content\/uploads\/2025\/10\/Logo-SKIFT_color-320x320.jpg 320w\" sizes=\"(max-width: 650px) 100vw, 650px\" \/><\/figure><\/div>\n\n\n<p>Anziani e non solo \u00e8 stata attivamente coinvolta nel progetto europeo <a href=\"https:\/\/skift.kooperationen.dk\/forside\/\" target=\"_blank\" rel=\"noreferrer noopener\"><strong>SKI.F.T. <\/strong><\/a>(Skills for Transition), un\u2019iniziativa fondamentale per accelerare la nostra transizione ecologica e promuovere pratiche pi\u00f9 sostenibili nella nostra realt\u00e0. Questo progetto ci ha permesso di implementare attivit\u00e0 di capacity building mirate per aumentare la consapevolezza sulla sostenibilit\u00e0 delle nostre attivit\u00e0 e come queste vengono comunicate all\u2019esterno.<\/p>\n\n\n\n<p>Le attivit\u00e0 sono state realizzate avvalendosi delle competenze specialistiche della <strong><a href=\"https:\/\/www.lalumaca.org\">cooperativa sociale La Lumaca<\/a><\/strong> o da fornitori proposti e gestiti dalla cooperativa La Lumaca stessa.<\/p>\n\n\n\n<p><br><strong>Sono stati realizzati:<\/strong><br>\u2022 Incontri di gruppo volti all\u2019analisi dei bisogni collegati all\u2019identit\u00e0, all\u2019immagine, al miglioramento della comunicazione interna ed esterna<br>\u2022 Incontri di formazione di gruppo su strumenti e metodi della comunicazione efficace e sullo storytelling\u00a0<br>\u2022 \u00a0Attivit\u00e0 di project-work supervisionato sui temi della comunicazione interna ed esterna con realizzazione piani di lavoro, co-progettazione di strumenti interni, relativa sperimentazione e valutazione<br>\u2022 Incontri individuali di consulenza per la valutazione di impatto con revisione e valorizzazione del bilancio sociale e di sostenibilit\u00e0<\/p>\n\n\n\n<p><br>Il progetto SKI.F.T., finanziato nell\u2019ambito del<strong> Grant Agreement 101126777<\/strong>, \u00e8 un esempio concreto di come, attraverso l\u2019innovazione e la collaborazione, sia possibile generare un impatto positivo sull\u2019ambiente e sulla comunit\u00e0. Il supporto finanziario ed operativo ad ANS nell\u2019ambito del progetto SKI.F.T \u00e8 stato erogato da Legacoop Emilia Romagna.<\/p>\n\n\n\n<hr class=\"wp-block-separator has-alpha-channel-opacity\"\/>\n\n\n<div class=\"wp-block-image\">\n<figure class=\"aligncenter size-large is-resized\"><img decoding=\"async\" width=\"1024\" height=\"228\" src=\"https:\/\/www.anzianienonsolo.it\/online\/wp-content\/uploads\/2025\/10\/EN_Co-fundedbytheEU_RGB_POS-1024x228.png\" alt=\"\" class=\"wp-image-12989\" style=\"width:280px;height:auto\" srcset=\"https:\/\/www.anzianienonsolo.it\/online\/wp-content\/uploads\/2025\/10\/EN_Co-fundedbytheEU_RGB_POS-1024x228.png 1024w, https:\/\/www.anzianienonsolo.it\/online\/wp-content\/uploads\/2025\/10\/EN_Co-fundedbytheEU_RGB_POS-300x67.png 300w, https:\/\/www.anzianienonsolo.it\/online\/wp-content\/uploads\/2025\/10\/EN_Co-fundedbytheEU_RGB_POS-768x171.png 768w, https:\/\/www.anzianienonsolo.it\/online\/wp-content\/uploads\/2025\/10\/EN_Co-fundedbytheEU_RGB_POS-1536x343.png 1536w, https:\/\/www.anzianienonsolo.it\/online\/wp-content\/uploads\/2025\/10\/EN_Co-fundedbytheEU_RGB_POS-2048x457.png 2048w, https:\/\/www.anzianienonsolo.it\/online\/wp-content\/uploads\/2025\/10\/EN_Co-fundedbytheEU_RGB_POS-900x201.png 900w\" sizes=\"(max-width: 1024px) 100vw, 1024px\" \/><\/figure><\/div>\n\n\n<p>Le opinioni e i punti di vista espressi in questo documento sono solo quelli dell\u2019autore o degli autori e non riflettono necessariamente quelli dell\u2019Unione Europea o dell\u2019EISMEA. N\u00e9 l\u2019Unione Europea n\u00e9 l\u2019EISMEA possono essere ritenute responsabili per essi.<\/p>\n","protected":false},"excerpt":{"rendered":"<p>Anziani e non solo \u00e8 stata attivamente coinvolta nel progetto europeo SKI.F.T. (Skills for Transition), un\u2019iniziativa fondamentale per accelerare la nostra transizione ecologica e promuovere pratiche pi\u00f9 sostenibili nella nostra realt\u00e0. Questo progetto ci ha permesso di implementare attivit\u00e0 di capacity building mirate per aumentare la consapevolezza sulla sostenibilit\u00e0 delle nostre attivit\u00e0 e come queste<\/p>\n","protected":false},"author":1,"featured_media":11934,"comment_status":"closed","ping_status":"closed","sticky":false,"template":"","format":"standard","meta":{"footnotes":""},"categories":[478,121,178,536],"tags":[],"class_list":["post-12988","post","type-post","status-publish","format-standard","has-post-thumbnail","hentry","category-eventi-it","category-formazione","category-in-primo-piano","category-progetti"],"_links":{"self":[{"href":"https:\/\/www.anzianienonsolo.it\/online\/wp-json\/wp\/v2\/posts\/12988"}],"collection":[{"href":"https:\/\/www.anzianienonsolo.it\/online\/wp-json\/wp\/v2\/posts"}],"about":[{"href":"https:\/\/www.anzianienonsolo.it\/online\/wp-json\/wp\/v2\/types\/post"}],"author":[{"embeddable":true,"href":"https:\/\/www.anzianienonsolo.it\/online\/wp-json\/wp\/v2\/users\/1"}],"replies":[{"embeddable":true,"href":"https:\/\/www.anzianienonsolo.it\/online\/wp-json\/wp\/v2\/comments?post=12988"}],"version-history":[{"count":1,"href":"https:\/\/www.anzianienonsolo.it\/online\/wp-json\/wp\/v2\/posts\/12988\/revisions"}],"predecessor-version":[{"id":12991,"href":"https:\/\/www.anzianienonsolo.it\/online\/wp-json\/wp\/v2\/posts\/12988\/revisions\/12991"}],"wp:featuredmedia":[{"embeddable":true,"href":"https:\/\/www.anzianienonsolo.it\/online\/wp-json\/wp\/v2\/media\/11934"}],"wp:attachment":[{"href":"https:\/\/www.anzianienonsolo.it\/online\/wp-json\/wp\/v2\/media?parent=12988"}],"wp:term":[{"taxonomy":"category","embeddable":true,"href":"https:\/\/www.anzianienonsolo.it\/online\/wp-json\/wp\/v2\/categories?post=12988"},{"taxonomy":"post_tag","embeddable":true,"href":"https:\/\/www.anzianienonsolo.it\/online\/wp-json\/wp\/v2\/tags?post=12988"}],"curies":[{"name":"wp","href":"https:\/\/api.w.org\/{rel}","templated":true}]}}