{"id":1241,"date":"2016-02-12T17:33:51","date_gmt":"2016-02-12T16:33:51","guid":{"rendered":"http:\/\/www.anzianienonsolo.it\/?p=1241"},"modified":"2016-02-12T17:33:51","modified_gmt":"2016-02-12T16:33:51","slug":"anzianinonsolo","status":"publish","type":"post","link":"https:\/\/www.anzianienonsolo.it\/online\/anzianinonsolo\/","title":{"rendered":"#ANZIANINONSOLO"},"content":{"rendered":"<p><a href=\"http:\/\/www.anzianienonsolo.it\/online\/wp-content\/uploads\/2016\/02\/FOTO-6-FEBBRAIO-2016-ANZIANINONSOLO.jpg\"><img fetchpriority=\"high\" decoding=\"async\" src=\"http:\/\/www.anzianienonsolo.it\/wp-content\/uploads\/2016\/02\/FOTO-6-FEBBRAIO-2016-ANZIANINONSOLO-300x200.jpg\" alt=\"FOTO 6 FEBBRAIO 2016 ANZIANINONSOLO\" width=\"300\" height=\"200\" class=\"alignleft size-medium wp-image-1243\" \/><\/a>Si \u00e8 svolto Sabato 6 Febbraio 2016, presso \u201cIl Torrione\u201d a Citt\u00e0 di Castello, uno dei tanti appuntamenti del programma promosso dalla Cooperativa La Rondine\u201c#ANZIANINONSOLO una comunit\u00e0 di risorse\u201d.<br \/>\nL\u2019oggetto dell\u2019evento \u00e8 stata l\u2019illustrazione dell\u2019attivit\u00e0 \u201cHome Care Premium\u201d, sportello di informazione e consulenza familiare, presentata dal Presidente della Cooperativa La Rondine, Luciano Veschi, e dal Responsabile della Societ\u00e0 UMANA S.p.A., Dott. Luigi Polesel, e l\u2019illustrazione della \u201cGuida alla tutela e diritti della 3\u00b0 et\u00e0\u201d a cura del Dott. Federico Boccaletti, Presidente della Cooperativa \u201cAnziani e non solo\u201d del Comune di Carpi.<br \/>\nIl primo intervento \u00e8 stato del Presidente della Cooperativa La Rondine, Luciano Veschi, che ha ricordato che lo sportello dedicato al progetto Home Care Premium ha avuto circa 184 contatti con famiglie del territorio, rispondendo alle richieste di accesso  al progetto assistenziale al quale hanno potuto aderire 28 famiglie per servizi di prestazioni prevalenti (contributo per l\u2019assunzione di assistenti familiari), 64 persone, tra anziani e minori, per prestazioni integrative(serviziassistenziali a domicilio ed installazione di ausili e tecnologia domotica a sostegno della disabilit\u00e0 \/ compartecipazione alla  spesa in caso di degenza presso RSA e RP), e 67 persone hanno potuto usufruire di nuovi ausili forniti.<br \/>\nTutti i Comuni della zona Sociale 1, incluso il territorio di Citt\u00e0 di Castello, hanno beneficiato dell\u2019attivit\u00e0 dello sportello \u201cHome Care Premium\u201d, si pu\u00f2 quindi evidenziare l\u2019impatto positivo che ha dato questo servizio, sia in termini economici che di risposte assistenziali, in un territorio cos\u00ec vasto, oggi in un momento cos\u00ec delicato, sia in termini occupazionali che di tagli di servizi alla persona.<br \/>\nL\u2019intervento del Dott. Polesel, Responsabile di UMANA S.p.A., ha ribadito l\u2019importanza della rete dei servizi e la positivit\u00e0 che pu\u00f2 offrire un mix tra pubblico e privato per dare oggi maggiori servizi sempre pi\u00f9 mirati, qualificati e professionali ed \u00e8 proseguito con l\u2019illustrazione del progetto Home Care<br \/>\nPremium in tutti i suoi dettagli e risultati, dando delle buone notizie relative ad una possibile<br \/>\nprosecuzione di questa grande opportunit\u00e0 per il nostro territorio.<br \/>\nL\u2019ultimo intervento a chiudere \u00e8 stato quello del Dott. Federico Boccaletti, il quale ha illustrato la Carta Europea dei Diritti degli Anziani bisognosi di assistenza; in particolare il Dott. Boccaletti ha ribadito che ci sono ancora delle condizioni nelle quali l\u2019anziano \u00e8 una persona fragile, sia fisicamente che psichicamente, per cui la tutela e la dignit\u00e0 necessitano ancora di maggior attenzione nell\u2019osservanza dei diritti della persona, sanciti per la generalit\u00e0 dei cittadini.<br \/>\n<strong>Per approfondimenti: <a href=\"http:\/\/www.larondine.org\" target=\"_blank\" rel=\"noopener\">http:\/\/www.larondine.org\/<\/a><\/strong><\/p>\n","protected":false},"excerpt":{"rendered":"<p>Federico Boccaletti, Presidente di Anziani e non solo, \u00e8 intervenuto all&#8217;appuntamento di Sabato 6 Febbraio 2016, nell&#8217;ambito del programma promosso dalla Cooperativa La Rondine\u201c#ANZIANINONSOLO una comunit\u00e0 di risorse\u201d.<\/p>\n","protected":false},"author":1,"featured_media":1242,"comment_status":"open","ping_status":"open","sticky":false,"template":"","format":"standard","meta":{"footnotes":""},"categories":[114],"tags":[133,134,135,136],"class_list":["post-1241","post","type-post","status-publish","format-standard","has-post-thumbnail","hentry","category-assistenti-familiari","tag-assistenti-familiari-2","tag-badanti","tag-hcp","tag-home-care-premium"],"_links":{"self":[{"href":"https:\/\/www.anzianienonsolo.it\/online\/wp-json\/wp\/v2\/posts\/1241"}],"collection":[{"href":"https:\/\/www.anzianienonsolo.it\/online\/wp-json\/wp\/v2\/posts"}],"about":[{"href":"https:\/\/www.anzianienonsolo.it\/online\/wp-json\/wp\/v2\/types\/post"}],"author":[{"embeddable":true,"href":"https:\/\/www.anzianienonsolo.it\/online\/wp-json\/wp\/v2\/users\/1"}],"replies":[{"embeddable":true,"href":"https:\/\/www.anzianienonsolo.it\/online\/wp-json\/wp\/v2\/comments?post=1241"}],"version-history":[{"count":0,"href":"https:\/\/www.anzianienonsolo.it\/online\/wp-json\/wp\/v2\/posts\/1241\/revisions"}],"wp:featuredmedia":[{"embeddable":true,"href":"https:\/\/www.anzianienonsolo.it\/online\/wp-json\/wp\/v2\/media\/1242"}],"wp:attachment":[{"href":"https:\/\/www.anzianienonsolo.it\/online\/wp-json\/wp\/v2\/media?parent=1241"}],"wp:term":[{"taxonomy":"category","embeddable":true,"href":"https:\/\/www.anzianienonsolo.it\/online\/wp-json\/wp\/v2\/categories?post=1241"},{"taxonomy":"post_tag","embeddable":true,"href":"https:\/\/www.anzianienonsolo.it\/online\/wp-json\/wp\/v2\/tags?post=1241"}],"curies":[{"name":"wp","href":"https:\/\/api.w.org\/{rel}","templated":true}]}}