{"id":12400,"date":"2025-07-14T14:45:24","date_gmt":"2025-07-14T12:45:24","guid":{"rendered":"https:\/\/www.anzianienonsolo.it\/online\/?p=12400"},"modified":"2025-07-14T14:48:13","modified_gmt":"2025-07-14T12:48:13","slug":"seniors-climate-action-scopri-le-novita-nella-nostra-iv-newsletter","status":"publish","type":"post","link":"https:\/\/www.anzianienonsolo.it\/online\/seniors-climate-action-scopri-le-novita-nella-nostra-iv-newsletter\/","title":{"rendered":"Seniors Climate Action! Scopri le novit\u00e0 nella nostra IV newsletter"},"content":{"rendered":"\n<p>Benvenuti alla quarta e ultima edizione della newsletter di Seniors Climate Action!<strong><\/strong><\/p>\n\n\n\n<p><strong>Dare forza alle generazioni pi\u00f9 anziane attraverso la creativit\u00e0 e l\u2019impegno per il clima!<\/strong><\/p>\n\n\n\n<p>Dopo 24 mesi di collaborazione creativa, coinvolgimento della comunit\u00e0 e azioni significative in tutta Europa, siamo orgogliosi di presentarvi l\u2019ultima newsletter del progetto Seniors Climate Action (SCA). Questa iniziativa ha dimostrato che l\u2019et\u00e0 non \u00e8 una barriera all\u2019impatto e che i cittadini anziani hanno sia la voce che la visione per contribuire in modo concreto all\u2019azione per il clima, soprattutto attraverso l\u2019espressione artistica e il dialogo intergenerazionale.<\/p>\n\n\n\n<p><strong>Attivit\u00e0 creative nelle strutture per anziani in tutta Europa<\/strong><\/p>\n\n\n\n<p>Una delle componenti pi\u00f9 significative del progetto \u00e8 stata la realizzazione di laboratori creativi e attivit\u00e0 a tema ambientale nelle strutture per anziani dei Paesi partner. Gli anziani hanno partecipato a laboratori di arti visive, espressione artistica ed educazione ambientale, in attivit\u00e0 pensate per rispondere alle loro esigenze mentali e fisiche.<\/p>\n\n\n\n<p>Questi incontri e laboratori non solo hanno favorito lo sviluppo di nuove competenze e connessioni, ma hanno anche dato ai partecipanti uno scopo nell\u2019affrontare problematiche globali da una prospettiva profondamente personale. Molti anziani hanno descritto l\u2019esperienza come \u201cilluminante\u201d e \u201cstimolante\u201d.<\/p>\n\n\n\n<p><strong>Mostra fisica delle opere d\u2019arte amatoriali degli anziani<\/strong><\/p>\n\n\n\n<p>Un altro traguardo importante \u00e8 stata la presentazione della mostra fisica in ciascun paese partner, con opere realizzate da artisti anziani amatoriali durante le visite e le attivit\u00e0 nelle strutture per anziani. Esposte in spazi comunitari come case di riposo, centri di riabilitazione e strutture assistenziali, queste opere riflettevano storie personali, preoccupazioni ambientali e visioni di speranza per il futuro del pianeta.<\/p>\n\n\n\n<p><strong>Conferenza finale ed evento moltiplicatore ad Atene, Grecia<\/strong><\/p>\n\n\n\n<p>Mercoled\u00ec 2 luglio 2025 il progetto si \u00e8 concluso con un evento finale celebrativo e riflessivo: la Conferenza Finale e l\u2019Evento Moltiplicatore, ospitati ad Atene, Grecia.<\/p>\n\n\n\n<p>La serata si \u00e8 aperta con la presentazione degli obiettivi, dei risultati e dei prodotti del progetto, tra cui il curriculum, la piattaforma di e-learning, la mostra digitale e il toolkit. \u00c8 seguita una vivace tavola rotonda con i partner di progetto e i rappresentanti di Grecia, Slovacchia, Italia e Spagna, che hanno discusso di come l\u2019arte possa dare potere agli anziani e stimolare la consapevolezza ambientale. L\u2019evento si \u00e8 concluso con una sessione di domande e risposte aperte, che ha permesso ai partecipanti di dialogare direttamente con i responsabili del progetto e tra loro.<\/p>\n\n\n\n<p><strong>Riunione finale transnazionale dei partner ad Atene, Grecia<\/strong><\/p>\n\n\n\n<p>In concomitanza con l\u2019evento finale, tutti i partner di progetto si sono riuniti ad Atene per l\u2019ultima riunione transnazionale. Questo incontro \u00e8 stato una celebrazione della collaborazione, dell\u2019allineamento e dello scopo condiviso. I partner hanno esaminato l\u2019attuazione del progetto e discusso possibili future collaborazioni.<\/p>\n\n\n\n<p><strong>Uno sguardo al futuro<\/strong><\/p>\n\n\n\n<p>Con la conclusione formale del progetto Seniors Climate Action, siamo fiduciosi che questo sia solo l\u2019inizio di un movimento molto pi\u00f9 ampio di advocacy ambientale guidato dagli anziani.<\/p>\n\n\n\n<p><a href=\"https:\/\/www.anzianienonsolo.it\/online\/download\/12403\/?tmstv=1752497235\"><strong>Scarica la newsletter in formato .pdf<\/strong><\/a><\/p>\n","protected":false},"excerpt":{"rendered":"<p>Dare forza alle generazioni pi\u00f9 anziane attraverso la creativit\u00e0 e l\u2019impegno per il clima!<\/p>\n","protected":false},"author":1,"featured_media":12401,"comment_status":"closed","ping_status":"closed","sticky":false,"template":"","format":"standard","meta":{"footnotes":""},"categories":[178,495],"tags":[],"class_list":["post-12400","post","type-post","status-publish","format-standard","has-post-thumbnail","hentry","category-in-primo-piano","category-invecchiamento-attivo"],"_links":{"self":[{"href":"https:\/\/www.anzianienonsolo.it\/online\/wp-json\/wp\/v2\/posts\/12400"}],"collection":[{"href":"https:\/\/www.anzianienonsolo.it\/online\/wp-json\/wp\/v2\/posts"}],"about":[{"href":"https:\/\/www.anzianienonsolo.it\/online\/wp-json\/wp\/v2\/types\/post"}],"author":[{"embeddable":true,"href":"https:\/\/www.anzianienonsolo.it\/online\/wp-json\/wp\/v2\/users\/1"}],"replies":[{"embeddable":true,"href":"https:\/\/www.anzianienonsolo.it\/online\/wp-json\/wp\/v2\/comments?post=12400"}],"version-history":[{"count":2,"href":"https:\/\/www.anzianienonsolo.it\/online\/wp-json\/wp\/v2\/posts\/12400\/revisions"}],"predecessor-version":[{"id":12406,"href":"https:\/\/www.anzianienonsolo.it\/online\/wp-json\/wp\/v2\/posts\/12400\/revisions\/12406"}],"wp:featuredmedia":[{"embeddable":true,"href":"https:\/\/www.anzianienonsolo.it\/online\/wp-json\/wp\/v2\/media\/12401"}],"wp:attachment":[{"href":"https:\/\/www.anzianienonsolo.it\/online\/wp-json\/wp\/v2\/media?parent=12400"}],"wp:term":[{"taxonomy":"category","embeddable":true,"href":"https:\/\/www.anzianienonsolo.it\/online\/wp-json\/wp\/v2\/categories?post=12400"},{"taxonomy":"post_tag","embeddable":true,"href":"https:\/\/www.anzianienonsolo.it\/online\/wp-json\/wp\/v2\/tags?post=12400"}],"curies":[{"name":"wp","href":"https:\/\/api.w.org\/{rel}","templated":true}]}}