{"id":11256,"date":"2025-01-08T09:39:15","date_gmt":"2025-01-08T08:39:15","guid":{"rendered":"https:\/\/www.anzianienonsolo.it\/online\/?p=11256"},"modified":"2025-01-08T09:39:16","modified_gmt":"2025-01-08T08:39:16","slug":"di-s-c-o-p-m-b-programma-di-formazione-sulla-cura-centrata-sulla-persona-e-sensibile-alla-diversita","status":"publish","type":"post","link":"https:\/\/www.anzianienonsolo.it\/online\/di-s-c-o-p-m-b-programma-di-formazione-sulla-cura-centrata-sulla-persona-e-sensibile-alla-diversita\/","title":{"rendered":"DI.S.C.O.P.M.B.\u00a0programma di formazione sulla cura centrata sulla persona e sensibile alla diversit\u00e0."},"content":{"rendered":"\n<p>Siamo lieti di annunciare che il primo grande traguardo del progetto DI.S.C.O.P.M.B. \u00e8 stato raggiunto: il <strong>programma di formazione multilingue sulla cura centrata sulla persona e sensibile alla diversit\u00e0<\/strong>, rivolto a studenti del settore sociale e assistenziale e a professionisti nel campo sociale e sanitario, o lavoratori del settore della migrazione. Questo corso \u00e8 stato progettato con <strong>l&#8217;obiettivo di migliorare le competenze e le abilit\u00e0 necessarie per fornire pratiche di cura di qualit\u00e0, personalizzate e inclusive<\/strong>. Oltre a dotare i partecipanti di queste competenze essenziali, il corso mira anche a evidenziare l&#8217;urgenza di integrare tale formazione nei curricula esistenti nel settore sociale e sanitario.\u00a0<\/p>\n\n\n\n<p><strong>PANORAMICA DEI CONTENUTI&nbsp;<\/strong><\/p>\n\n\n\n<p>Il programma di formazione DI.S.C.O.P.M.B. si basa sul quadro epistemologico della cura sensibile alla diversit\u00e0. Nel realizzare la formazione, il team di progetto ha integrato diverse fonti: letteratura scientifica, conoscenze esperienziali all&#8217;interno della propria organizzazione, buone pratiche e narrazioni di persone anziane con background migratorio e delle loro famiglie e caregiver informali. Poich\u00e9 le competenze sensibili alla diversit\u00e0 sono numerose, il team ha scelto di concentrarsi su alcuni concetti base ed esercizi interattivi per sviluppare nuove conoscenze, modalit\u00e0 di approccio e abilit\u00e0. Il curriculum formativo \u00e8 strutturato in <strong>quattro moduli<\/strong>, ciascuno progettato per promuovere e rafforzare le competenze necessarie per una cura centrata sulla persona e sensibile alla diversit\u00e0.&nbsp;<\/p>\n\n\n\n<p>I moduli affrontano le seguenti tematiche:&nbsp;<\/p>\n\n\n\n<ol class=\"wp-block-list\">\n<li><strong>Cura e diversit\u00e0\u00a0<\/strong><\/li>\n\n\n\n<li>Assistenza a lungo termine nel contesto della migrazione\u00a0<\/li>\n\n\n\n<li>Consapevolezza di stereotipi e pregiudizi\u00a0<\/li>\n\n\n\n<li>Comunicazione e competenze sensibili alle diversit\u00e0\u00a0<\/li>\n<\/ol>\n\n\n\n<p>I moduli sono arricchiti con esercizi pratici e riflessivi, casi studio e storie di vita che facilitano un esame approfondito delle vite e delle esperienze delle persone anziane con background migratorio, delle loro famiglie e dei professionisti del settore sociale e sanitario.&nbsp;<\/p>\n\n\n\n<p><strong>TEST PILOTA E FEEDBACK&nbsp;<\/strong><\/p>\n\n\n\n<p>Il programma di formazione \u00e8 stato testato e valutato nei diversi paesi partner, coinvolgendo un totale di 276 partecipanti, tra cui studenti e professionisti nei settori della cura, della salute e del settore sociale. Inoltre, negli ultimi mesi, il team di DI.S.C.O.P.M.B. ha raccolto riscontri da ciascun partner, allo scopo di perfezionare ulteriormente i materiali formativi.&nbsp;<\/p>\n\n\n\n<p>Attraverso la raccolta dei questionari, delle riflessioni dei partecipanti e le osservazioni dei partner e degli esperti coinvolti, il nostro team ha ottenuto informazioni preziose sull&#8217;efficacia del programma e su aree di miglioramento. Sia gli studenti che i professionisti hanno trovato i materiali di formazione altamente educativi e coinvolgenti, hanno inoltre evidenziato i punti di forza e di debolezza del corso, grazie ai quali \u00e8 stato possibile riorganizzare e migliorare i contenuti, incorporando anche attivit\u00e0 aggiuntive.&nbsp;<\/p>\n\n\n\n<p><strong>DOVE SI POSSONO TROVARE I MATERIALI??&nbsp;<\/strong><\/p>\n\n\n\n<p>Il <strong>pacchetto formativo finale<\/strong>, un manuale completo contenente i materiali per visionare e utilizzare tutti e quattro i moduli del corso di formazione, \u00e8 disponibile sul sito web del progetto <a href=\"https:\/\/www.diversitysensitycare.eu\/courses\/\">https:\/\/www.diversitysensitycare.eu\/courses\/<\/a>. Inoltre, \u00e8 possibile visionare e scaricare le presentazioni in PPT per ogni singola lezione.\u00a0<\/p>\n\n\n\n<p>Per approndire, scarica la seconda newsletter del progetto:<br><a href=\"https:\/\/www.diversitysensitycare.eu\/download\/695\/?tmstv=1735891344\">https:\/\/www.diversitysensitycare.eu\/download\/695\/?tmstv=1735891344<\/a><\/p>\n","protected":false},"excerpt":{"rendered":"<p>Siamo lieti di annunciare che il primo grande traguardo del progetto DI.S.C.O.P.M.B. \u00e8 stato raggiunto: il programma di formazione multilingue sulla cura centrata sulla persona e sensibile alla diversit\u00e0, rivolto a studenti del settore sociale e assistenziale e a professionisti nel campo sociale e sanitario, o lavoratori del settore della migrazione. Questo corso \u00e8 stato<\/p>\n","protected":false},"author":1,"featured_media":10147,"comment_status":"closed","ping_status":"closed","sticky":false,"template":"","format":"standard","meta":{"footnotes":""},"categories":[116,121,178],"tags":[],"class_list":["post-11256","post","type-post","status-publish","format-standard","has-post-thumbnail","hentry","category-carfam","category-formazione","category-in-primo-piano"],"_links":{"self":[{"href":"https:\/\/www.anzianienonsolo.it\/online\/wp-json\/wp\/v2\/posts\/11256"}],"collection":[{"href":"https:\/\/www.anzianienonsolo.it\/online\/wp-json\/wp\/v2\/posts"}],"about":[{"href":"https:\/\/www.anzianienonsolo.it\/online\/wp-json\/wp\/v2\/types\/post"}],"author":[{"embeddable":true,"href":"https:\/\/www.anzianienonsolo.it\/online\/wp-json\/wp\/v2\/users\/1"}],"replies":[{"embeddable":true,"href":"https:\/\/www.anzianienonsolo.it\/online\/wp-json\/wp\/v2\/comments?post=11256"}],"version-history":[{"count":1,"href":"https:\/\/www.anzianienonsolo.it\/online\/wp-json\/wp\/v2\/posts\/11256\/revisions"}],"predecessor-version":[{"id":11257,"href":"https:\/\/www.anzianienonsolo.it\/online\/wp-json\/wp\/v2\/posts\/11256\/revisions\/11257"}],"wp:featuredmedia":[{"embeddable":true,"href":"https:\/\/www.anzianienonsolo.it\/online\/wp-json\/wp\/v2\/media\/10147"}],"wp:attachment":[{"href":"https:\/\/www.anzianienonsolo.it\/online\/wp-json\/wp\/v2\/media?parent=11256"}],"wp:term":[{"taxonomy":"category","embeddable":true,"href":"https:\/\/www.anzianienonsolo.it\/online\/wp-json\/wp\/v2\/categories?post=11256"},{"taxonomy":"post_tag","embeddable":true,"href":"https:\/\/www.anzianienonsolo.it\/online\/wp-json\/wp\/v2\/tags?post=11256"}],"curies":[{"name":"wp","href":"https:\/\/api.w.org\/{rel}","templated":true}]}}