{"id":11234,"date":"2024-12-04T12:09:26","date_gmt":"2024-12-04T11:09:26","guid":{"rendered":"https:\/\/www.anzianienonsolo.it\/online\/?p=11234"},"modified":"2024-12-04T12:10:45","modified_gmt":"2024-12-04T11:10:45","slug":"welfare-aziendale-e-di-comunita-unalleanza-possibile","status":"publish","type":"post","link":"https:\/\/www.anzianienonsolo.it\/online\/welfare-aziendale-e-di-comunita-unalleanza-possibile\/","title":{"rendered":"Welfare aziendale e di comunit\u00e0: un\u2019alleanza possibile?"},"content":{"rendered":"\n<p>Un percorso che va dai servizi di beneficenza alla nascita del sistema pubblico assistenziale, passando per la svolta storica della legge 328\/2000 fino al contributo del welfare aziendale, per raccontare l\u2019<strong>evoluzione del welfare italiano<\/strong>. \u00c8 l\u2019obiettivo del libro \u201c<a href=\"https:\/\/www.maggiolieditore.it\/welfare-aziendale-e-di-comunita.html\" target=\"_blank\" rel=\"noreferrer noopener\"><strong>Welfare aziendale e di comunit\u00e0<\/strong><\/a>\u201d curato di&nbsp;<strong>Federico Boccaletti,<\/strong>&nbsp;Vicepresidente della Cooperativa sociale \u201cAnziani e non solo\u201d, che in questo senso esplora la trasformazione dei servizi sociali e l\u2019affermazione progressiva di diritti, autonomia, solidariet\u00e0 e universalit\u00e0. Anche grazie a nuove sinergie tra diversi attori del sistema sociale.<\/p>\n\n\n\n<p>Un tema centrale del libro \u00e8 infatti lo sviluppo di nuove collaborazioni<strong>&nbsp;tra il welfare pubblico e quello aziendale<\/strong>, sempre pi\u00f9 centrali per combinare la qualit\u00e0 del servizio pubblico con la libert\u00e0 di scelta tipica del welfare privato. Gli autori, in questo senso, si pongono la domanda:&nbsp;<strong><em>\u201cUn\u2019alleanza \u00e8 possibile?\u201d<\/em><\/strong>, offrendo il punto di vista di ricercatori ed esperti per proporre risposte possibili.<\/p>\n\n\n\n<p>Il libro include anche il capitolo \u201c<strong>Imprese e territorio: un\u2019alleanza possibile per un welfare aziendale di comunit\u00e0<\/strong>\u201d scritto dalla nostra direttrice scientifica&nbsp;<strong><a href=\"https:\/\/www.secondowelfare.it\/team-members\/franca-maino\/\" target=\"_blank\" rel=\"noreferrer noopener\">Franca Maino<\/a><\/strong>, che approfondisce il welfare aziendale in Italia esaminando come le imprese stiano offrendo sempre pi\u00f9 servizi e benefit ai propri dipendenti per migliorare il loro benessere. Per farlo, Maino analizza la crescente rilevanza del welfare aziendale, le modalit\u00e0 di attuazione attraverso<strong>&nbsp;reti di domanda e offerta, e il coinvolgimento delle piccole imprese e degli attori locali<\/strong>.<\/p>\n\n\n\n<p>Questo come gli altri capitoli del volume tengono sullo sfondo un grande tema: l\u2019<strong>aumento della longevit\u00e0<\/strong>, (di cui Secondo Welfare si sta occupando col&nbsp;<a href=\"https:\/\/www.secondowelfare.it\/category\/long-term-care\/\">Focus LTC<\/a>) e la relativa crescita delle<strong>&nbsp;fragilit\u00e0 e le esigenze di cura<\/strong>&nbsp;a cui occorre trovare risposte adeguate.<\/p>\n\n\n\n<p>Fonte: <a href=\"https:\/\/www.secondowelfare.it\/privati\/welfare-aziendale-e-di-comunita-unalleanza-possibile\/\">https:\/\/www.secondowelfare.it\/privati\/welfare-aziendale-e-di-comunita-unalleanza-possibile\/<\/a><\/p>\n\n\n\n<p><\/p>\n","protected":false},"excerpt":{"rendered":"<p>Un percorso che va dai servizi di beneficenza alla nascita del sistema pubblico assistenziale, passando per la svolta storica della legge 328\/2000 fino al contributo del welfare aziendale, per raccontare l\u2019evoluzione del welfare italiano. \u00c8 l\u2019obiettivo del libro \u201cWelfare aziendale e di comunit\u00e0\u201d curato di&nbsp;Federico Boccaletti,&nbsp;Vicepresidente della Cooperativa sociale \u201cAnziani e non solo\u201d, che in<\/p>\n","protected":false},"author":1,"featured_media":11236,"comment_status":"closed","ping_status":"closed","sticky":false,"template":"","format":"standard","meta":{"footnotes":""},"categories":[116,178],"tags":[],"class_list":["post-11234","post","type-post","status-publish","format-standard","has-post-thumbnail","hentry","category-carfam","category-in-primo-piano"],"_links":{"self":[{"href":"https:\/\/www.anzianienonsolo.it\/online\/wp-json\/wp\/v2\/posts\/11234"}],"collection":[{"href":"https:\/\/www.anzianienonsolo.it\/online\/wp-json\/wp\/v2\/posts"}],"about":[{"href":"https:\/\/www.anzianienonsolo.it\/online\/wp-json\/wp\/v2\/types\/post"}],"author":[{"embeddable":true,"href":"https:\/\/www.anzianienonsolo.it\/online\/wp-json\/wp\/v2\/users\/1"}],"replies":[{"embeddable":true,"href":"https:\/\/www.anzianienonsolo.it\/online\/wp-json\/wp\/v2\/comments?post=11234"}],"version-history":[{"count":1,"href":"https:\/\/www.anzianienonsolo.it\/online\/wp-json\/wp\/v2\/posts\/11234\/revisions"}],"predecessor-version":[{"id":11235,"href":"https:\/\/www.anzianienonsolo.it\/online\/wp-json\/wp\/v2\/posts\/11234\/revisions\/11235"}],"wp:featuredmedia":[{"embeddable":true,"href":"https:\/\/www.anzianienonsolo.it\/online\/wp-json\/wp\/v2\/media\/11236"}],"wp:attachment":[{"href":"https:\/\/www.anzianienonsolo.it\/online\/wp-json\/wp\/v2\/media?parent=11234"}],"wp:term":[{"taxonomy":"category","embeddable":true,"href":"https:\/\/www.anzianienonsolo.it\/online\/wp-json\/wp\/v2\/categories?post=11234"},{"taxonomy":"post_tag","embeddable":true,"href":"https:\/\/www.anzianienonsolo.it\/online\/wp-json\/wp\/v2\/tags?post=11234"}],"curies":[{"name":"wp","href":"https:\/\/api.w.org\/{rel}","templated":true}]}}