{"id":11169,"date":"2024-11-06T13:05:38","date_gmt":"2024-11-06T12:05:38","guid":{"rendered":"https:\/\/www.anzianienonsolo.it\/online\/?p=11169"},"modified":"2024-11-06T13:05:39","modified_gmt":"2024-11-06T12:05:39","slug":"discopmb-aggiornamenti-sul-corso-formativo-online","status":"publish","type":"post","link":"https:\/\/www.anzianienonsolo.it\/online\/discopmb-aggiornamenti-sul-corso-formativo-online\/","title":{"rendered":"DISCOPMB: aggiornamenti sul corso formativo online"},"content":{"rendered":"\n<p> L&#8217;<strong>incontro transnazionale che si \u00e8 tenuto a Vienna il 19 e 20 settembre <\/strong>ha rappresentato un importante momento di confronto e crescita all&#8217;interno del partenariato. I partner si sono incontrati per la terza volta dall&#8217;inizio del progetto ed \u00e8 stata un&#8217;occasione ideale per fare il punto della situazione sull&#8217;ultimo anno di lavoro insieme, evidenziando i progressi raggiunti e approfondendo le prossime fasi del progetto.\u00a0<\/p>\n\n\n\n<p>Durante l&#8217;incontro si \u00e8 discusso dei webinar tematici in programma da ottobre 2024 a marzo 2025, ciascuno dei quali approfondir\u00e0 aspetti salienti dell&#8217;approccio centrato sulla persona e sensibile alla diversit\u00e0. Si \u00e8 inoltre discusso della <strong>raccolta di dati per la stesura dei report di raccomandazioni politiche<\/strong>, essenziali per fornire un orientamento alle politiche future, e della pianificazione di un <strong>evento a livello europeo, <\/strong>previsto per il mese di maggio 2025, al fine di condividere i risultati e le migliori pratiche emerse.&nbsp;<\/p>\n\n\n\n<p>In questo terzo anno di progetto \u00e8 stato sviluppato un programma di formazione innovativo, attualmente in fase di sperimentazione. Si tratta di una risorsa educativa aperta (OER) disponibile in diverse lingue (inglese, svedese, italiano, finlandese, tedesco e olandese).&nbsp;<\/p>\n\n\n\n<p>&nbsp;<strong>CHE COSA OFFRE IL CORSO DI DISCOP OER?&nbsp;<\/strong><\/p>\n\n\n\n<p>Il corso online si concentrer\u00e0 sull&#8217;assistenza centrata sulla persona e sensibile alla diversit\u00e0, con un&#8217;attenzione particolare alle <strong>persone anziane provenienti da contesti migratori e le loro famiglie<\/strong>. In un\u2019ottica di complementariet\u00e0 del precedente corso di formazione del progetto, queste risorse educative sono gratuitamente accessibili online, facilitando l&#8217;apprendimento e la condivisione delle conoscenze proposte.\u00a0<\/p>\n\n\n\n<p>Questo approccio mira a promuovere una diffusione pi\u00f9 ampia e globale del progetto. La risorsa \u00e8 suddivisa in quattro moduli formativi:&nbsp;<\/p>\n\n\n\n<p>&#8211; <strong>Modulo 1 &#8211; Come fornire un&#8217;assistenza sensibile alla diversit\u00e0&nbsp;<\/strong><\/p>\n\n\n\n<p><strong>&#8211; Modulo 2 \u2013 Effetti dei flussi migratori sull&#8217;assistenza&nbsp;<\/strong><\/p>\n\n\n\n<p><strong>&#8211; Modulo 3 &#8211; Come facilitare l&#8217;accesso ai servizi assistenziali&nbsp;<\/strong><\/p>\n\n\n\n<p><strong>&#8211; Modulo 4 &#8211; Approcci utili&nbsp;<\/strong><\/p>\n\n\n\n<p>Il corso utilizza una metodologia innovativa e interattiva, integrando concetti teorici con <strong>video-testimonianze basate sulla narrazione di storie <\/strong>che illustrano le esperienze di anziani con background migratorio e delle loro famiglie. Questo approccio garantisce un processo di apprendimento coinvolgente e stimolante. Inoltre, i materiali di studio, che includono testi, audio, video e quiz interattivi, sono progettati per verificare le conoscenze acquisite e per incoraggiare la riflessione personale e la crescita professionale.&nbsp;<\/p>\n\n\n\n<p>Nel corso di quest\u2019autunno, il corso OER sar\u00e0 testato, coinvolgendo <strong>educatori del sistema di istruzione e formazione professionale, professori universitari di corsi accademici sociosanitari, studenti e professionisti che lavorano nei settori dell&#8217;assistenza sociosanitaria<\/strong>, nonch\u00e9 <strong>nel campo della migrazione<\/strong>.&nbsp;<\/p>\n\n\n\n<p>Non vediamo l&#8217;ora di procedere con i prossimi obiettivi, convinti che la collaborazione tra i partner continuer\u00e0 a produrre risultati significativi.&nbsp;<\/p>\n\n\n\n<p>Per ulteriori informazioni sul progetto, visitare il sito www.diversitysensitycare.eu&nbsp;<\/p>\n","protected":false},"excerpt":{"rendered":"<p>L&#8217;incontro transnazionale che si \u00e8 tenuto a Vienna il 19 e 20 settembre ha rappresentato un importante momento di confronto e crescita all&#8217;interno del partenariato. I partner si sono incontrati per la terza volta dall&#8217;inizio del progetto ed \u00e8 stata un&#8217;occasione ideale per fare il punto della situazione sull&#8217;ultimo anno di lavoro insieme, evidenziando i<\/p>\n","protected":false},"author":1,"featured_media":10016,"comment_status":"closed","ping_status":"closed","sticky":false,"template":"","format":"standard","meta":{"footnotes":""},"categories":[116,178],"tags":[],"class_list":["post-11169","post","type-post","status-publish","format-standard","has-post-thumbnail","hentry","category-carfam","category-in-primo-piano"],"_links":{"self":[{"href":"https:\/\/www.anzianienonsolo.it\/online\/wp-json\/wp\/v2\/posts\/11169"}],"collection":[{"href":"https:\/\/www.anzianienonsolo.it\/online\/wp-json\/wp\/v2\/posts"}],"about":[{"href":"https:\/\/www.anzianienonsolo.it\/online\/wp-json\/wp\/v2\/types\/post"}],"author":[{"embeddable":true,"href":"https:\/\/www.anzianienonsolo.it\/online\/wp-json\/wp\/v2\/users\/1"}],"replies":[{"embeddable":true,"href":"https:\/\/www.anzianienonsolo.it\/online\/wp-json\/wp\/v2\/comments?post=11169"}],"version-history":[{"count":1,"href":"https:\/\/www.anzianienonsolo.it\/online\/wp-json\/wp\/v2\/posts\/11169\/revisions"}],"predecessor-version":[{"id":11171,"href":"https:\/\/www.anzianienonsolo.it\/online\/wp-json\/wp\/v2\/posts\/11169\/revisions\/11171"}],"wp:featuredmedia":[{"embeddable":true,"href":"https:\/\/www.anzianienonsolo.it\/online\/wp-json\/wp\/v2\/media\/10016"}],"wp:attachment":[{"href":"https:\/\/www.anzianienonsolo.it\/online\/wp-json\/wp\/v2\/media?parent=11169"}],"wp:term":[{"taxonomy":"category","embeddable":true,"href":"https:\/\/www.anzianienonsolo.it\/online\/wp-json\/wp\/v2\/categories?post=11169"},{"taxonomy":"post_tag","embeddable":true,"href":"https:\/\/www.anzianienonsolo.it\/online\/wp-json\/wp\/v2\/tags?post=11169"}],"curies":[{"name":"wp","href":"https:\/\/api.w.org\/{rel}","templated":true}]}}