{"id":1111,"date":"2015-10-13T12:43:52","date_gmt":"2015-10-13T10:43:52","guid":{"rendered":"http:\/\/www.anzianienonsolo.it\/?p=1111"},"modified":"2015-10-13T12:43:52","modified_gmt":"2015-10-13T10:43:52","slug":"anziani-e-non-solo-a-informcare","status":"publish","type":"post","link":"https:\/\/www.anzianienonsolo.it\/online\/anziani-e-non-solo-a-informcare\/","title":{"rendered":"Anziani e non solo a InformCare"},"content":{"rendered":"<p><em> Anziani e non solo partecipa all&#8217;evento conclusivo del progetto che ha visto anche la sperimentazione del nostro <strong><a href=\"http:\/\/corso.caregiverfamiliare.it\" target=\"_blank\" rel=\"noopener\">corso per caregiver familiari<\/a><\/strong>. L&#8217;evento, programmato per il 29 ottobre 2015 \u00e8 rivolto a professionisti del settore sociale e sanitario, associazioni di anziani e di familiari caregiver, enti fornitori di assistenza sanitaria e sociosanitaria, decisori pubblici, e aperto a tutti i cittadini.<\/em><br \/>\nLa partecipazione all&#8217;incontro \u00e8 gratuita, per motivi organizzativi \u00e8 per\u00f2 necessario iscriversi telefonando o inviando una mail alla Segreteria Organizzativa entro il 20 ottobre 2015.<br \/>\nPer un numero limitato di partecipanti \u00e8 possibile il rimborso (totale o parziale) delle spese di viaggio, previa autorizzazione della Segreteria Organizzativa, che esaminer\u00e0 le richieste in base all&#8217;ordine di arrivo.<br \/>\n<strong>Segreteria Organizzativa<\/strong><br \/>\nINRCA Centro Ricerche Econom ico-Sociali per l&#8217;Invecchiamento Tel. 071 8004615 \u00b7fax 07135941 \u2022 e-mail: <a href=\"mailto:f.piccinini@inrca.it\"><strong>f.piccinini@inrca.it<\/strong><\/a><br \/>\n29 ottobre 2015 &#8211; ore 16:30<br \/>\nEx-Sala del Consiglio Comunale<br \/>\nLargo XXIV Moggio n\u00b0 1, ANCONA<br \/>\n<a href=\"http:\/\/www.caregiverfamiliare.it\/wp-content\/uploads\/Programma-evento-di-presentazione-della-piattaforma-InformCare.pdf\"><strong>Scarica il Programma evento di presentazione della piattaforma InformCare<\/strong><\/a><\/p>\n","protected":false},"excerpt":{"rendered":"<p>Anziani e non solo partecipa all&#8217;evento conclusivo del progetto che ha visto anche la sperimentazione del nostro corso per caregiver familiari. L&#8217;evento, programmato per il 29 ottobre 2015 \u00e8 rivolto a professionisti del settore sociale e sanitario, associazioni di anziani e di familiari caregiver, enti fornitori di assistenza sanitaria e sociosanitaria, decisori pubblici, e aperto a tutti i cittadini.<\/p>\n","protected":false},"author":1,"featured_media":1112,"comment_status":"open","ping_status":"open","sticky":false,"template":"","format":"standard","meta":{"footnotes":""},"categories":[116],"tags":[],"class_list":["post-1111","post","type-post","status-publish","format-standard","has-post-thumbnail","hentry","category-carfam"],"_links":{"self":[{"href":"https:\/\/www.anzianienonsolo.it\/online\/wp-json\/wp\/v2\/posts\/1111"}],"collection":[{"href":"https:\/\/www.anzianienonsolo.it\/online\/wp-json\/wp\/v2\/posts"}],"about":[{"href":"https:\/\/www.anzianienonsolo.it\/online\/wp-json\/wp\/v2\/types\/post"}],"author":[{"embeddable":true,"href":"https:\/\/www.anzianienonsolo.it\/online\/wp-json\/wp\/v2\/users\/1"}],"replies":[{"embeddable":true,"href":"https:\/\/www.anzianienonsolo.it\/online\/wp-json\/wp\/v2\/comments?post=1111"}],"version-history":[{"count":0,"href":"https:\/\/www.anzianienonsolo.it\/online\/wp-json\/wp\/v2\/posts\/1111\/revisions"}],"wp:featuredmedia":[{"embeddable":true,"href":"https:\/\/www.anzianienonsolo.it\/online\/wp-json\/wp\/v2\/media\/1112"}],"wp:attachment":[{"href":"https:\/\/www.anzianienonsolo.it\/online\/wp-json\/wp\/v2\/media?parent=1111"}],"wp:term":[{"taxonomy":"category","embeddable":true,"href":"https:\/\/www.anzianienonsolo.it\/online\/wp-json\/wp\/v2\/categories?post=1111"},{"taxonomy":"post_tag","embeddable":true,"href":"https:\/\/www.anzianienonsolo.it\/online\/wp-json\/wp\/v2\/tags?post=1111"}],"curies":[{"name":"wp","href":"https:\/\/api.w.org\/{rel}","templated":true}]}}