{"id":11002,"date":"2024-07-22T14:31:33","date_gmt":"2024-07-22T12:31:33","guid":{"rendered":"https:\/\/www.anzianienonsolo.it\/online\/?p=11002"},"modified":"2024-07-22T14:32:46","modified_gmt":"2024-07-22T12:32:46","slug":"che-fine-ha-fatto-il-covid-19","status":"publish","type":"post","link":"https:\/\/www.anzianienonsolo.it\/online\/che-fine-ha-fatto-il-covid-19\/","title":{"rendered":"Che\u00a0fine\u00a0ha\u00a0fatto\u00a0il\u00a0Covid-19?"},"content":{"rendered":"\n<p><strong>Il podcast \u201cStorie di Resilienza\u201d del progetto Erasmus+ #MeRest\u00a0che\u00a0ha\u00a0dato\u00a0voce\u00a0e\u00a0raccolto\u00a0le\u00a0esperienze\u00a0ei\u00a0vissuti dei gruppi pi\u00f9 colpiti dall\u2019emergenza globale da Covid-19.<\/strong><\/p>\n\n\n\n<p><em>\u201cVe&nbsp;lo&nbsp;ricordate&nbsp;quel&nbsp;periodo&nbsp;che&nbsp;ha&nbsp;stravolto&nbsp;l&#8217;umanit\u00e0?&nbsp;Il&nbsp;periodo&nbsp;in&nbsp;cui&nbsp;i&nbsp;cervi,&nbsp;i&nbsp;lupi&nbsp;e&nbsp;gli&nbsp;orsi&nbsp;hanno&nbsp;invaso le strade, incuriositi dalla sparizione di quegli esseri chiassosi, chiamati umani? Quando l&#8217;umanit\u00e0 si era rintanata nelle proprie case, spaventati da un invisibile minaccia. Quel periodo in cui regnava un silenzio irreale.&nbsp;Vi&nbsp;ricordatequando&nbsp;il&nbsp;mondo&nbsp;fu&nbsp;ribaltato?&nbsp;Quando&nbsp;la&nbsp;normalit\u00e0&nbsp;\u00e8&nbsp;diventata&nbsp;un&nbsp;atto&nbsp;di&nbsp;ribellione&nbsp;e&nbsp;la natura si \u00e8 riappropriata degli spazi urbani. Io, lo ricordo il Covid-19. Anche se ora sembra solo un&#8217;allucinazione collettiva.\u201d<\/em><\/p>\n\n\n\n<p>Cos\u00ec Stefano Messori, docente del laboratorio italiano introduttivo al podcast, apre la raccolta delle testimonianze personali dei partecipanti che hanno descritto a cuore aperto le loro vite, le emozioni e le difficolt\u00e0 affrontate in quei giorni di isolamento emergenziale. Dei giorni molto intensi che tuttavia, una\u00a0volta passati, sono stati messi da parte e non pi\u00f9 elaborati. Il laboratorio di podcast \u00e8 stato realizzato in\u00a0da\u00a0gruppi\u00a0di\u00a0persone\u00a0particolarmente\u00a0colpiti\u00a0dallapandemia\u00a0COVID-19:\u00a0anziani\u00a0o persone\u00a0con\u00a0disabilit\u00e0,\u00a0caregiver\u00a0familiari,\u00a0persone\u00a0con\u00a0problemi\u00a0di\u00a0salute\u00a0mentale\u00a0e operatori\u00a0sanitari.<\/p>\n\n\n\n<p>Il laboratorio si \u00e8 concentrato sull\u2019analisi e rielaborazione delle narrazioni che i partecipanti hanno preparato durante il primo laboratorio &#8220;Narrarsi al tempo del Covid-19&#8221;.&nbsp;Dopo&nbsp;essere&nbsp;statiaccompagnati&nbsp;nel&nbsp;descrivere&nbsp;a&nbsp;parole&nbsp;la&nbsp;loro&nbsp;esperienza, \u00e8 stato redatto un racconto che \u00e8 stata la base del proprio podcast personale.<\/p>\n\n\n\n<p>I facilitatori che nei vari Paesi partner hanno condotto i laboratori hanno accompagnato i partecipanti\u00a0nellafamiliarizzazione\u00a0con\u00a0il\u00a0podcast, per\u00a0far\u00a0s\u00ec\u00a0che\u00a0fosseinnanzitutto\u00a0chiaro\u00a0il\u00a0processo per la sua creazione. Una volta chiariti i punti chiave,\u00a0si\u00a0\u00e8\u00a0lavorato\u00a0alla\u00a0lettura\u00a0eregistrazione\u00a0del proprio\u00a0racconto\u00a0secondo\u00a0tecniche\u00a0preciseteatrali e vocali. Migliorando la chiarezza della voce, la variazione del volume e del tono della voce e la\u00a0respirazione\u00a0\u00e8\u00a0stato\u00a0possibile\u00a0favorire\u00a0l\u2019espressione\u00a0della propria storia in modo\u00a0quanto pi\u00f9 significativo, emotivo e coinvolgente possibile.<\/p>\n\n\n\n<p>Come ultima fase del percorso laboratoriale di podcast,\u00a0letestimonianze\u00a0prodotte\u00a0sono\u00a0state\u00a0raccolte e pubblicate sul canale YouTube del progetto nelle varie lingue nazionali e sono disponibili al seguente link\u00a0<a href=\"http:\/\/www.youtube.com\/%40MeRestProject\">www.youtube.com\/@MeRestProject.<\/a><\/p>\n\n\n\n<p>A&nbsp;conclusione&nbsp;dell\u2019esperienza&nbsp;nell\u2019ambito&nbsp;del&nbsp;progetto #MeRest sia i partecipanti che i facilitatori e gli organizzatori&nbsp;hannoespresso&nbsp;la&nbsp;loro&nbsp;soddisfazione&nbsp;per le attivit\u00e0 svolte ed i risultati raggiunti che hanno permesso&nbsp;di&nbsp;accrescere&nbsp;le&nbsp;propriecompetenze&nbsp;legate alla resilienza, come la capacit\u00e0 di elaborare ed esprimere le proprie emozioni rispetto a situazioni difficili o problematiche, cos\u00ec come le abilit\u00e0 di coping e affrontare il cambiamento in ottica positiva.<\/p>\n\n\n\n<p>Non di minore rilevanza per il raggiungimento dei risultati sopra presentati, \u00e8 stata l\u2019opportunit\u00e0 di condividere il proprio vissuto con gli altri partecipanti, in uno spazio sicuro e accogliente, e confrontarsi sulle sfide che hanno dovuto affrontare in modo empatico e cordiale.<\/p>\n\n\n\n<p>Nei&nbsp;prossimi&nbsp;mesi&nbsp;verranno&nbsp;rese&nbsp;disponibili&nbsp;le&nbsp;linee&nbsp;guida&nbsp;per&nbsp;la&nbsp;replica&nbsp;del&nbsp;laboratorio&nbsp;podcast&nbsp;#MeRest&nbsp;in inglese,lituano,&nbsp;rumeno,&nbsp;greco&nbsp;e&nbsp;italiano&nbsp;sul&nbsp;sito&nbsp;web&nbsp;del&nbsp;progetto&nbsp;al&nbsp;seguente&nbsp;link:&nbsp;<a href=\"http:\/\/www.merestproject.eu\/\">www.merestproject.eu<\/a><\/p>\n\n\n\n<p>Sul sito web del progetto continueremo a diffondere tutti i progressi e risultati del nostro progetto, ideato per fornire un programma di formazione innovativo per potenziare le abilit\u00e0 di resilienza degli adulti di fronte\u00a0alle sfide\u00a0della vita, insieme\u00a0a strumenti\u00a0all&#8217;avanguardia per\u00a0la crescita professionale\u00a0di\u00a0formatori\u00a0ed\u00a0educatori.<\/p>\n\n\n\n<p>Scarica il comunicato stampa <a href=\"https:\/\/merestproject.eu\/download\/496\/?tmstv=1721650480\">https:\/\/merestproject.eu\/download\/496\/?tmstv=1721650480<\/a><\/p>\n","protected":false},"excerpt":{"rendered":"<p>Il podcast \u201cStorie di Resilienza\u201d del progetto Erasmus+ #MeRest\u00a0che\u00a0ha\u00a0dato\u00a0voce\u00a0e\u00a0raccolto\u00a0le\u00a0esperienze\u00a0ei\u00a0vissuti dei gruppi pi\u00f9 colpiti dall\u2019emergenza globale da Covid-19. \u201cVe&nbsp;lo&nbsp;ricordate&nbsp;quel&nbsp;periodo&nbsp;che&nbsp;ha&nbsp;stravolto&nbsp;l&#8217;umanit\u00e0?&nbsp;Il&nbsp;periodo&nbsp;in&nbsp;cui&nbsp;i&nbsp;cervi,&nbsp;i&nbsp;lupi&nbsp;e&nbsp;gli&nbsp;orsi&nbsp;hanno&nbsp;invaso le strade, incuriositi dalla sparizione di quegli esseri chiassosi, chiamati umani? Quando l&#8217;umanit\u00e0 si era rintanata nelle proprie case, spaventati da un invisibile minaccia. Quel periodo in cui regnava un silenzio irreale.&nbsp;Vi&nbsp;ricordatequando&nbsp;il&nbsp;mondo&nbsp;fu&nbsp;ribaltato?&nbsp;Quando&nbsp;la&nbsp;normalit\u00e0&nbsp;\u00e8&nbsp;diventata&nbsp;un&nbsp;atto&nbsp;di&nbsp;ribellione&nbsp;e&nbsp;la natura si \u00e8 riappropriata degli<\/p>\n","protected":false},"author":1,"featured_media":11005,"comment_status":"closed","ping_status":"closed","sticky":false,"template":"","format":"standard","meta":{"footnotes":""},"categories":[116,121,178,118],"tags":[],"class_list":["post-11002","post","type-post","status-publish","format-standard","has-post-thumbnail","hentry","category-carfam","category-formazione","category-in-primo-piano","category-societa-dellinvecchiamento"],"_links":{"self":[{"href":"https:\/\/www.anzianienonsolo.it\/online\/wp-json\/wp\/v2\/posts\/11002"}],"collection":[{"href":"https:\/\/www.anzianienonsolo.it\/online\/wp-json\/wp\/v2\/posts"}],"about":[{"href":"https:\/\/www.anzianienonsolo.it\/online\/wp-json\/wp\/v2\/types\/post"}],"author":[{"embeddable":true,"href":"https:\/\/www.anzianienonsolo.it\/online\/wp-json\/wp\/v2\/users\/1"}],"replies":[{"embeddable":true,"href":"https:\/\/www.anzianienonsolo.it\/online\/wp-json\/wp\/v2\/comments?post=11002"}],"version-history":[{"count":2,"href":"https:\/\/www.anzianienonsolo.it\/online\/wp-json\/wp\/v2\/posts\/11002\/revisions"}],"predecessor-version":[{"id":11006,"href":"https:\/\/www.anzianienonsolo.it\/online\/wp-json\/wp\/v2\/posts\/11002\/revisions\/11006"}],"wp:featuredmedia":[{"embeddable":true,"href":"https:\/\/www.anzianienonsolo.it\/online\/wp-json\/wp\/v2\/media\/11005"}],"wp:attachment":[{"href":"https:\/\/www.anzianienonsolo.it\/online\/wp-json\/wp\/v2\/media?parent=11002"}],"wp:term":[{"taxonomy":"category","embeddable":true,"href":"https:\/\/www.anzianienonsolo.it\/online\/wp-json\/wp\/v2\/categories?post=11002"},{"taxonomy":"post_tag","embeddable":true,"href":"https:\/\/www.anzianienonsolo.it\/online\/wp-json\/wp\/v2\/tags?post=11002"}],"curies":[{"name":"wp","href":"https:\/\/api.w.org\/{rel}","templated":true}]}}