{"id":10972,"date":"2024-06-18T17:10:44","date_gmt":"2024-06-18T15:10:44","guid":{"rendered":"https:\/\/www.anzianienonsolo.it\/online\/?p=10972"},"modified":"2024-06-18T17:12:49","modified_gmt":"2024-06-18T15:12:49","slug":"biblioteca-vivente","status":"publish","type":"post","link":"https:\/\/www.anzianienonsolo.it\/online\/biblioteca-vivente\/","title":{"rendered":"Biblioteca vivente: Dare forza ai caregiver attraverso storie condivise e supporto"},"content":{"rendered":"\n<p>A maggio si \u00e8 tenuto l&#8217;evento \u201c<strong>Biblioteca vivente: il valore della cura\u201d<\/strong>&nbsp;nell&#8217;ambito del&nbsp;<strong>progetto Erasmus + Supportcare<\/strong>, un progetto che mira a potenziare e sostenere i caregiver, spesso familiari, di persone con demenza, offrendo strumenti e conoscenze per prevenire gli impatti negativi sulla salute e sul benessere dei caregiver e ridurre lo stigma della demenza. Un&#8217;occasione in cui sono stati coinvolti alcuni caregiver che, come veri e propri libri, si sono messi a disposizione per essere &#8220;letti&#8221; e &#8220;presi in prestito&#8221; per un periodo limitato. La lettura consisteva in una conversazione libera e semi-strutturata sulla loro esperienza di caregiver.&nbsp;<\/p>\n\n\n\n<p>L&#8217;evento si \u00e8 svolto presso la&nbsp;<strong>Biblioteca Campori a Soliera<\/strong>&nbsp;nel contesto del mese del&nbsp;<strong>Caregiver Day<\/strong>organizzato da Anziani e Non Solo Soc. Coop. Sociale, in collaborazione con Unione Terre D&#8217;argine, Associazione Carer, AUSL di Modena, il Comune di Soliera e la Regione Emilia-Romagna.<\/p>\n\n\n\n<p>Per immergervi maggiormente in ci\u00f2 che hanno vissuto i partecipanti, riportiamo un estratto di una partecipante, che ha voluto condividere con noi alcune riflessioni dopo aver ascoltato i &#8220;libri viventi&#8221;, caregiver come lei:<\/p>\n\n\n\n<p><em>&#8220;Ascolto questi racconti e mi ritrovo a rivivere molte delle situazioni sperimentate durante la malattia di mia madre.<\/em> <\/p>\n\n\n\n<p><em>Tante emozioni riaffiorano, prima tra tutte una grande tenerezza per lei e una lancinante nostalgia.<\/em><\/p>\n\n\n\n<p><em>\u00c8 un crescendo che culmina nell\u2019intervento conclusivo dell\u2019incontro: la lettura da parte di una caregiver, dei versi che ha composto su sua madre.<\/em><\/p>\n\n\n\n<p><em>\u201cLe mani\u201d, s\u2019intitola la poesia, perch\u00e9 \u00e8 solo attraverso di esse che madre e figlia possono, da un certo punto della loro storia, restare in contatto.<\/em><\/p>\n\n\n\n<p><em>Tutta la limitatezza e l\u2019impotenza che le due donne si trovano a vivere emergono potentemente, insieme allo struggente desiderio di comunicare. Ma c\u2019\u00e8 anche la gioia di avere almeno quell\u2019unico, ultimo modo per dirsi l\u2019amore reciproco.<\/em><\/p>\n\n\n\n<p><em>Una commozione profonda mi travolge.<\/em><\/p>\n\n\n\n<p><em>Capisco, quanto deve aver sofferto mia madre accorgendosi della sua progressiva perdita di abilit\u00e0 e autonomie\u2026 mi chiedo quanto avrei forse potuto fare meglio e di pi\u00f9. Prevale infine la consolazione e la gioia per non aver mollato, per aver fatto, anche nei momenti pi\u00f9 estremi e difficili, tutto quanto mi era possibile. S\u00ec, tornerei a rifare tutto. E questo mi rallegra.<\/em><\/p>\n\n\n\n<p><em>\u00c8 chiarissimo che il prendersi cura dei propri cari \u00e8 fatica ma anche ricchezza, dono, privilegio. Ricordi dolci e incancellabili. Ricordi imperdibili.\u201d<\/em><\/p>\n\n\n\n<p>L&#8217;evento ha quindi sottolineato l\u2019importanza della preziosa esperienza dei caregiver familiari, promuovendo un&#8217;opportunit\u00e0 di condivisione e di connessione profonda. Ha inoltre confermato che la narrazione \u00e8 uno strumento per aiutare s\u00e9 stessi e gli altri a comprendere ci\u00f2 che si sente, si sperimenta, si vive, aiutando a conoscere e conoscersi.<\/p>\n\n\n\n<p>Per saperne di pi\u00f9 sul progetto Erasmus + Supportcare visitate il sito&nbsp;<a href=\"applewebdata:\/\/9AA63AD0-2D20-4A10-99D5-982133291D97\/www.supportcare-project.eu\">www.supportcare-project.eu<\/a><\/p>\n","protected":false},"excerpt":{"rendered":"<p>A maggio si \u00e8 tenuto l&#8217;evento \u201cBiblioteca vivente: il valore della cura\u201d&nbsp;nell&#8217;ambito del&nbsp;progetto Erasmus + Supportcare, un progetto che mira a potenziare e sostenere i caregiver, spesso familiari, di persone con demenza, offrendo strumenti e conoscenze per prevenire gli impatti negativi sulla salute e sul benessere dei caregiver e ridurre lo stigma della demenza. Un&#8217;occasione<\/p>\n","protected":false},"author":1,"featured_media":10973,"comment_status":"closed","ping_status":"closed","sticky":false,"template":"","format":"standard","meta":{"footnotes":""},"categories":[116,178],"tags":[],"class_list":["post-10972","post","type-post","status-publish","format-standard","has-post-thumbnail","hentry","category-carfam","category-in-primo-piano"],"_links":{"self":[{"href":"https:\/\/www.anzianienonsolo.it\/online\/wp-json\/wp\/v2\/posts\/10972"}],"collection":[{"href":"https:\/\/www.anzianienonsolo.it\/online\/wp-json\/wp\/v2\/posts"}],"about":[{"href":"https:\/\/www.anzianienonsolo.it\/online\/wp-json\/wp\/v2\/types\/post"}],"author":[{"embeddable":true,"href":"https:\/\/www.anzianienonsolo.it\/online\/wp-json\/wp\/v2\/users\/1"}],"replies":[{"embeddable":true,"href":"https:\/\/www.anzianienonsolo.it\/online\/wp-json\/wp\/v2\/comments?post=10972"}],"version-history":[{"count":1,"href":"https:\/\/www.anzianienonsolo.it\/online\/wp-json\/wp\/v2\/posts\/10972\/revisions"}],"predecessor-version":[{"id":10974,"href":"https:\/\/www.anzianienonsolo.it\/online\/wp-json\/wp\/v2\/posts\/10972\/revisions\/10974"}],"wp:featuredmedia":[{"embeddable":true,"href":"https:\/\/www.anzianienonsolo.it\/online\/wp-json\/wp\/v2\/media\/10973"}],"wp:attachment":[{"href":"https:\/\/www.anzianienonsolo.it\/online\/wp-json\/wp\/v2\/media?parent=10972"}],"wp:term":[{"taxonomy":"category","embeddable":true,"href":"https:\/\/www.anzianienonsolo.it\/online\/wp-json\/wp\/v2\/categories?post=10972"},{"taxonomy":"post_tag","embeddable":true,"href":"https:\/\/www.anzianienonsolo.it\/online\/wp-json\/wp\/v2\/tags?post=10972"}],"curies":[{"name":"wp","href":"https:\/\/api.w.org\/{rel}","templated":true}]}}