{"id":10910,"date":"2024-04-04T16:46:27","date_gmt":"2024-04-04T14:46:27","guid":{"rendered":"https:\/\/www.anzianienonsolo.it\/online\/?p=10910"},"modified":"2024-04-04T16:47:43","modified_gmt":"2024-04-04T14:47:43","slug":"rapportarsi-con-i-caregiver-familiari-strumenti-ed-esperienze-ans-ad-exposanita-il-17-aprile","status":"publish","type":"post","link":"https:\/\/www.anzianienonsolo.it\/online\/rapportarsi-con-i-caregiver-familiari-strumenti-ed-esperienze-ans-ad-exposanita-il-17-aprile\/","title":{"rendered":"RAPPORTARSI CON I CAREGIVER FAMILIARI: STRUMENTI ED ESPERIENZE: ANS AD EXPOSANITA IL 17 APRILE"},"content":{"rendered":"\n<p>La crescita delle patologie cronico-degenerative e della non autosufficienza ha comportato un crescente<br>bisogno di assistenza a lungo termine. Un bisogno che \u00e8 stimato crescere in modo esponenziale e che non trova adeguate risposte in un sistema di servizi socio-sanitari sino ad ora sviluppatosi in ottica prevalentemente prestazionale e di rispondenza ad acuzie.<br>Costruire un sistema di assistenza a lungo termine significa in primo luogo riconoscere il ruolo chiave<br>ricoperto dai caregiver familiari.<br><strong>Caregiver familiari sono coloro che si prendono cura di un proprio caro non autosufficiente, fragile o<br>disabile che necessita di cura a lungo termine.<\/strong><br>I caregiver sono una risorsa chiave per il sistema del welfare che deve essere sostenuta con interventi<br>mirati.E\u2019 necessario avere consapevolezza che i caregiver sono portatori di bisogni ed esigenze che<br>necessitano lo sviluppo di servizi e di competenze debitamente progettati e finalizzati.<br>Come rapportarsi con il familiare che si prende cura di una persona cara che necessita di assistenza a<br>lungo termine? Come sostenerlo nel carico di cura e rafforzarne la resilienza e le competenze? Come<br>coinvolgerlo attivamente nella definizione del piano assistenziale individualizzato e nella sua gestione?<\/p>\n\n\n\n<p><br><strong>Se ne discuter\u00e0 al Convegno RAPPORTARSI CON I CAREGIVER FAMILIARI: STRUMENTI ED<br>ESPERIENZE che si terr\u00e0 mercoled\u00ec 17 aprile p.v. dalle 9,30 nell\u2019ambito di EXPOSANITA\u2019 al Quartiere<br>fieristico di Bologna.<\/strong><br>L\u2019evento si articoler\u00e0 nei contributi introduttivi di:<br>Licia Boccaletti: Educatrice e progettista (\u201cDall\u2019ascolto alla narrazione\u201d); Anna Masucci: Assistente<br>sociale (\u201cL\u2019analisi dei bisogni e il piano di sostegno\u201d); Rebecca Vellani: Psicologa (\u201cStrategie per<br>affrontare lo stress del prendersi cura); Federico Boccaletti: Esperto in risorse umane (\u201cEmpowerment e<br>sviluppo delle competenze).<br>I temi saranno poi approfonditi attraverso esperienze realizzate nel sistema dei servizi territoriali e<br>focalizzeranno problematiche incontrate e risultati conseguiti.<br>Ne parleranno: Sabrina Tellini, Responsabile Servizio Anziani e Disabili Settore Sociale &#8211; Unione Terre<br>d\u2019Argine, Rita Gelmini, Assistente sociale Ufficio politiche a favore delle persone non autosufficienti\u2013<br>Provincia Autonoma di Trento, Anna Maria Petrini, Direttrice generale \u2013 AUSL di Modena.<br>Coordina i lavori Loredana Ligabue, Esperta di Caregiving familiare.<\/p>\n\n\n\n<figure class=\"wp-block-image size-large\"><img fetchpriority=\"high\" decoding=\"async\" width=\"724\" height=\"1024\" src=\"https:\/\/www.anzianienonsolo.it\/online\/wp-content\/uploads\/2024\/04\/Evento_17_Aprile_2024_EXPO-724x1024.jpg\" alt=\"\" class=\"wp-image-10913\" srcset=\"https:\/\/www.anzianienonsolo.it\/online\/wp-content\/uploads\/2024\/04\/Evento_17_Aprile_2024_EXPO-724x1024.jpg 724w, https:\/\/www.anzianienonsolo.it\/online\/wp-content\/uploads\/2024\/04\/Evento_17_Aprile_2024_EXPO-212x300.jpg 212w, https:\/\/www.anzianienonsolo.it\/online\/wp-content\/uploads\/2024\/04\/Evento_17_Aprile_2024_EXPO-768x1086.jpg 768w, https:\/\/www.anzianienonsolo.it\/online\/wp-content\/uploads\/2024\/04\/Evento_17_Aprile_2024_EXPO-1086x1536.jpg 1086w, https:\/\/www.anzianienonsolo.it\/online\/wp-content\/uploads\/2024\/04\/Evento_17_Aprile_2024_EXPO-900x1273.jpg 900w, https:\/\/www.anzianienonsolo.it\/online\/wp-content\/uploads\/2024\/04\/Evento_17_Aprile_2024_EXPO.jpg 1240w\" sizes=\"(max-width: 724px) 100vw, 724px\" \/><\/figure>\n","protected":false},"excerpt":{"rendered":"<p>La crescita delle patologie cronico-degenerative e della non autosufficienza ha comportato un crescentebisogno di assistenza a lungo termine. Un bisogno che \u00e8 stimato crescere in modo esponenziale e che non trova adeguate risposte in un sistema di servizi socio-sanitari sino ad ora sviluppatosi in ottica prevalentemente prestazionale e di rispondenza ad acuzie.Costruire un sistema di<\/p>\n","protected":false},"author":1,"featured_media":10146,"comment_status":"closed","ping_status":"closed","sticky":false,"template":"","format":"standard","meta":{"footnotes":""},"categories":[116,478,178],"tags":[],"class_list":["post-10910","post","type-post","status-publish","format-standard","has-post-thumbnail","hentry","category-carfam","category-eventi-it","category-in-primo-piano"],"_links":{"self":[{"href":"https:\/\/www.anzianienonsolo.it\/online\/wp-json\/wp\/v2\/posts\/10910"}],"collection":[{"href":"https:\/\/www.anzianienonsolo.it\/online\/wp-json\/wp\/v2\/posts"}],"about":[{"href":"https:\/\/www.anzianienonsolo.it\/online\/wp-json\/wp\/v2\/types\/post"}],"author":[{"embeddable":true,"href":"https:\/\/www.anzianienonsolo.it\/online\/wp-json\/wp\/v2\/users\/1"}],"replies":[{"embeddable":true,"href":"https:\/\/www.anzianienonsolo.it\/online\/wp-json\/wp\/v2\/comments?post=10910"}],"version-history":[{"count":2,"href":"https:\/\/www.anzianienonsolo.it\/online\/wp-json\/wp\/v2\/posts\/10910\/revisions"}],"predecessor-version":[{"id":10914,"href":"https:\/\/www.anzianienonsolo.it\/online\/wp-json\/wp\/v2\/posts\/10910\/revisions\/10914"}],"wp:featuredmedia":[{"embeddable":true,"href":"https:\/\/www.anzianienonsolo.it\/online\/wp-json\/wp\/v2\/media\/10146"}],"wp:attachment":[{"href":"https:\/\/www.anzianienonsolo.it\/online\/wp-json\/wp\/v2\/media?parent=10910"}],"wp:term":[{"taxonomy":"category","embeddable":true,"href":"https:\/\/www.anzianienonsolo.it\/online\/wp-json\/wp\/v2\/categories?post=10910"},{"taxonomy":"post_tag","embeddable":true,"href":"https:\/\/www.anzianienonsolo.it\/online\/wp-json\/wp\/v2\/tags?post=10910"}],"curies":[{"name":"wp","href":"https:\/\/api.w.org\/{rel}","templated":true}]}}