{"id":10907,"date":"2024-03-29T09:59:54","date_gmt":"2024-03-29T08:59:54","guid":{"rendered":"https:\/\/www.anzianienonsolo.it\/online\/?p=10907"},"modified":"2024-03-29T09:59:55","modified_gmt":"2024-03-29T08:59:55","slug":"cronache-dal-progetto-youthasd-celebrando-linclusione","status":"publish","type":"post","link":"https:\/\/www.anzianienonsolo.it\/online\/cronache-dal-progetto-youthasd-celebrando-linclusione\/","title":{"rendered":"Cronache\u00a0dal\u00a0progetto\u00a0YouthASD celebrando l\u2019inclusione"},"content":{"rendered":"\n<p>Stiamo per raggiungere la conclusione del progetto Erasmus+ YouthASD e vogliamo condividere con voi alcune riflessioni sul nostro cammino per&nbsp;migliorare la vita dei giovani con Disturbo dello Spettro Autistico (DSA). Negli ultimi due anni, il nostro team ha lavorato per migliorare la qualit\u00e0 della vita e il benessere complessivo di questi ragazzi.<\/p>\n\n\n\n<p>Numerose ricerche condotte da Orsmond et al. (2013), Billstedt et al. (2011), Robertson (2010) e Renty &amp; Roeyers (2006) hanno sottolineato l&#8217;importanza della partecipazione sociale nel migliorare il benessere dei giovani con DSA. L&#8217;isolamento sociale e l&#8217;esclusione&nbsp;dallacomunit\u00e0&nbsp;sono&nbsp;stati&nbsp;individuati&nbsp;come&nbsp;problemi&nbsp;significativi,&nbsp;evidenziando la necessit\u00e0 urgente di migliorare le risorse di supporto sociale. Tuttavia, nonostante l&#8217;attenzione crescente verso progetti di inclusione, questa si \u00e8 concentrata principalmente su giovani con disabilit\u00e0 fisiche, tralasciando cos\u00ec di affrontare adeguatamente i bisogni dei giovani con DSA.<\/p>\n\n\n\n<p>Per affrontare questa urgente sfida, il progetto YouthASD si \u00e8 proposto di fornire alle organizzazioni locali e comunitarie che si rivolgono ai giovani le competenze e le risorse necessarie per coinvolgere i giovani con DSA nelle loro iniziative.<\/p>\n\n\n\n<p>Per\u00a0raggiungere\u00a0gli obiettivi del progetto,\u00a0abbiamo\u00a0sviluppato\u00a0una\u00a0serie\u00a0di\u00a0risorse:<\/p>\n\n\n\n<ol class=\"wp-block-list\">\n<li><strong>\u201cOrganizzazioni rivolte ai giovani: una Guida all&#8217;inclusione di persone con Disturbo dello Spettro Autistico (ASD)\u201d<\/strong>: Un manuale completo che offre strumenti e strategie per favorire una inclusione completa delle persone con DSA all&#8217;interno delle organizzazioni che si rivolgono ai giovani.<\/li>\n\n\n\n<li><strong>Metodologia e programma di formazione per operatori<\/strong>: un approccio inclusivo&nbsp;chefornisce&nbsp;una&nbsp;metodologia&nbsp;dettagliata&nbsp;e&nbsp;un&nbsp;programma&nbsp;di&nbsp;formazione&nbsp;per&nbsp;dotare&nbsp;gli operatori delle competenze necessarie per coinvolgere ed interagire efficacemente con giovani nello spettro.<\/li>\n\n\n\n<li><strong>Sperimentazione dei programmi rivolti ai giovani con disturbo dello spettro autistico<\/strong>: Proposte di attivit\u00e0 innovative e testate, pensate appositamente per le persone con DSA, al fine di garantire esperienze inclusive e divertenti, a misura di&nbsp;tutti i partecipanti.<\/li>\n\n\n\n<li><strong>Risorse per il DSA<\/strong>: una piattaforma online che mette a disposizione una vasta gamma\u00a0dirisorse\u00a0adattate\u00a0sia\u00a0per\u00a0le\u00a0organizzazioni\u00a0che\u00a0per\u00a0gli\u00a0operatori,\u00a0fornendo\u00a0utili suggerimenti e indicazioni pratiche sul disturbo dello spettro autistico.<\/li>\n<\/ol>\n\n\n\n<p>Per scaricare le risorse, visita la pagina: <a href=\"https:\/\/youthasd.eu\/results\/\"><strong>https:\/\/youthasd.eu\/results\/<\/strong><\/a><\/p>\n\n\n\n<h1 class=\"wp-block-heading\">Esperienza&nbsp;pilota&nbsp;in&nbsp;Italia<\/h1>\n\n\n\n<p>In Italia, la realizzazione del terzo risultato \u00e8 stata realizzata attraverso un laboratorio di street dance, preceduto da un incontro preliminare volto a esplorare gli interessi dei giovani partecipanti.&nbsp;Nonostante alcune sfide organizzative, il workshop si \u00e8 rivelato un&#8217;esperienza positiva sia per le persone con DSA che per i loro coetanei neurotipici. L&#8217;ambiente inclusivo delle attivit\u00e0 ha creato un&#8217;atmosfera accogliente e ha favorito un ambiente in cui la diversit\u00e0 all&#8217;interno del gruppo \u00e8 stata accolta.<\/p>\n\n\n\n<p>L&#8217;interazione positiva tra partecipanti neurotipici e DSA si \u00e8 rivelata un arricchimento reciproco. I partecipanti neurotipici hanno condiviso la loro esperienza di breakdance con quelli con DSA, che a loro volta hanno agito come modelli, dimostrando il loro impegno attivo e il completamento con successo delle attivit\u00e0 proposte. Il workshop ha promosso efficacemente l&#8217;inclusivit\u00e0 e ha facilitato l&#8217;apprendimento e l&#8217;apprezzamento reciproco tra tutti i partecipanti.<\/p>\n\n\n\n<p>Feedback&nbsp;di&nbsp;un&nbsp;educatore:<\/p>\n\n\n\n<p><em>&#8220;Nonostante le sfide iniziali, siamo riusciti a creare un ambiente inclusivo. Ogni partecipantesi\u00a0\u00e8\u00a0sentito\u00a0parte\u00a0integrante\u00a0del\u00a0gruppo,\u00a0contribuendo\u00a0a\u00a0creare\u00a0un&#8217;atmosfera di accettazione e rispetto reciproco&#8221;.<\/em><\/p>\n\n\n\n<p><a href=\"https:\/\/youthasd.eu\/download\/598\/?tmstv=1711452726\">Scarica la newsletter completa in formato .pdf<\/a><\/p>\n\n\n\n<p>Foto di\u00a0<a href=\"https:\/\/unsplash.com\/it\/@jxnsartstudio?utm_content=creditCopyText&amp;utm_medium=referral&amp;utm_source=unsplash\">Garrett Jackson<\/a>\u00a0su\u00a0<a href=\"https:\/\/unsplash.com\/it\/foto\/ragazzo-in-camicia-a-quadri-blu-e-bianca-abbottonata-sorridente-LhNkJMayglI?utm_content=creditCopyText&amp;utm_medium=referral&amp;utm_source=unsplash\">Unsplash<\/a><\/p>\n","protected":false},"excerpt":{"rendered":"<p>Stiamo per raggiungere la conclusione del progetto Erasmus+ YouthASD e vogliamo condividere con voi alcune riflessioni sul nostro cammino per&nbsp;migliorare la vita dei giovani con Disturbo dello Spettro Autistico (DSA). Negli ultimi due anni, il nostro team ha lavorato per migliorare la qualit\u00e0 della vita e il benessere complessivo di questi ragazzi. Numerose ricerche condotte<\/p>\n","protected":false},"author":1,"featured_media":10908,"comment_status":"closed","ping_status":"closed","sticky":false,"template":"","format":"standard","meta":{"footnotes":""},"categories":[121,176,178],"tags":[],"class_list":["post-10907","post","type-post","status-publish","format-standard","has-post-thumbnail","hentry","category-formazione","category-giovani","category-in-primo-piano"],"_links":{"self":[{"href":"https:\/\/www.anzianienonsolo.it\/online\/wp-json\/wp\/v2\/posts\/10907"}],"collection":[{"href":"https:\/\/www.anzianienonsolo.it\/online\/wp-json\/wp\/v2\/posts"}],"about":[{"href":"https:\/\/www.anzianienonsolo.it\/online\/wp-json\/wp\/v2\/types\/post"}],"author":[{"embeddable":true,"href":"https:\/\/www.anzianienonsolo.it\/online\/wp-json\/wp\/v2\/users\/1"}],"replies":[{"embeddable":true,"href":"https:\/\/www.anzianienonsolo.it\/online\/wp-json\/wp\/v2\/comments?post=10907"}],"version-history":[{"count":1,"href":"https:\/\/www.anzianienonsolo.it\/online\/wp-json\/wp\/v2\/posts\/10907\/revisions"}],"predecessor-version":[{"id":10909,"href":"https:\/\/www.anzianienonsolo.it\/online\/wp-json\/wp\/v2\/posts\/10907\/revisions\/10909"}],"wp:featuredmedia":[{"embeddable":true,"href":"https:\/\/www.anzianienonsolo.it\/online\/wp-json\/wp\/v2\/media\/10908"}],"wp:attachment":[{"href":"https:\/\/www.anzianienonsolo.it\/online\/wp-json\/wp\/v2\/media?parent=10907"}],"wp:term":[{"taxonomy":"category","embeddable":true,"href":"https:\/\/www.anzianienonsolo.it\/online\/wp-json\/wp\/v2\/categories?post=10907"},{"taxonomy":"post_tag","embeddable":true,"href":"https:\/\/www.anzianienonsolo.it\/online\/wp-json\/wp\/v2\/tags?post=10907"}],"curies":[{"name":"wp","href":"https:\/\/api.w.org\/{rel}","templated":true}]}}