{"id":10871,"date":"2024-02-28T11:25:26","date_gmt":"2024-02-28T10:25:26","guid":{"rendered":"https:\/\/www.anzianienonsolo.it\/online\/?p=10871"},"modified":"2024-02-28T11:39:20","modified_gmt":"2024-02-28T10:39:20","slug":"bari-fna","status":"publish","type":"post","link":"https:\/\/www.anzianienonsolo.it\/online\/bari-fna\/","title":{"rendered":"\u00a0A BARI -NELL\u2019AMBITO DEL FORUM PER LA NON AUTOSUFFICIENZA- PROGETTI INNOVATIVI PER LA QUALITA\u2019 NELLA CURA PRESENTATI DA ANZIANI E NON SOLO scs\u00a0"},"content":{"rendered":"\n<p>Il 13 e il 14 marzo prossimo venturo -a Bari- si svolger\u00e0 la seconda edizione della manifestazione : FORUM DELLA NON AUTOSUFFICIENZA E DELL\u2019AUTONOMIA POSSIBILE-FOCUS PUGLIA (https:\/\/www.nonautosufficienza.it\/bari\/) curato da Maggioli Editore .&nbsp;<\/p>\n\n\n\n<p>Un evento convegnistico per operatori, studiosi ed esperti del settore per sviluppare, discutere e progettare le politiche per la non autosufficienza e gli interventi nella pratica quotidiana d\u2019aiuto.&nbsp;<\/p>\n\n\n\n<p>In quest\u2019ambito si terranno due importanti seminari realizzati da ANZIANI E NON SOLO scs.&nbsp;<\/p>\n\n\n\n<p>Il primo : \u201cCome pu\u00f2 la tecnologia contribuire a migliorare la cura a domicilio ?\u201d si terr\u00e0 mercoled\u00ec 13 marzo dalle ore 11,30 alle 13,00.&nbsp;<\/p>\n\n\n\n<figure class=\"wp-block-image size-large\"><img fetchpriority=\"high\" decoding=\"async\" width=\"1024\" height=\"538\" src=\"https:\/\/www.anzianienonsolo.it\/online\/wp-content\/uploads\/2024\/02\/Bari_Mattino-1-1024x538.jpg\" alt=\"\" class=\"wp-image-10877\" srcset=\"https:\/\/www.anzianienonsolo.it\/online\/wp-content\/uploads\/2024\/02\/Bari_Mattino-1-1024x538.jpg 1024w, https:\/\/www.anzianienonsolo.it\/online\/wp-content\/uploads\/2024\/02\/Bari_Mattino-1-300x158.jpg 300w, https:\/\/www.anzianienonsolo.it\/online\/wp-content\/uploads\/2024\/02\/Bari_Mattino-1-768x403.jpg 768w, https:\/\/www.anzianienonsolo.it\/online\/wp-content\/uploads\/2024\/02\/Bari_Mattino-1-1536x807.jpg 1536w, https:\/\/www.anzianienonsolo.it\/online\/wp-content\/uploads\/2024\/02\/Bari_Mattino-1-2048x1076.jpg 2048w, https:\/\/www.anzianienonsolo.it\/online\/wp-content\/uploads\/2024\/02\/Bari_Mattino-1-900x473.jpg 900w\" sizes=\"(max-width: 1024px) 100vw, 1024px\" \/><\/figure>\n\n\n\n<p>Saranno presentate diverse esperienze nell\u2019impiego di tecnologie innovative per migliorare la qualit\u00e0 dell\u2019assistenza: dalla formazione online, alle applicazioni per facilitare la gestione dei processi, al supporto all\u2019impiego efficace dei devices indossabili per il monitoraggio del benessere, fino all\u2019impiego di piattaforme di geolocalizzazione per i fragili e all\u2019utilizzo degli assistenti digitali contro l\u2019isolamento e la solitudine. Nell\u2019ambito del seminario Pfizer Italia presenter\u00e0 i suoi pi\u00f9 recenti progetti di telemedicina nel contesto domiciliare.&nbsp;<\/p>\n\n\n\n<p>Il secondo seminario: Assistenti familiari di qualit\u00e0 si terr\u00e0, sempre mercoled\u00ec 13 marzo, dalle ore 14,30 alle 16,00. Saranno presentati i risultati dell\u2019importante progetto europeo DOCUP sulle modalit\u00e0 innovative nella formazione degli Assistenti familiari. Discuteranno, sugli impatti delle nuove competenze del lavoro di cura sulle&nbsp;dinamiche del mercato e dell\u2019organizzazione del lavoro: Andrea Zini Presidente Assindatcolf e Marco Calvetto responsabile Servizi lavoro del Patronato Acli.&nbsp;<\/p>\n\n\n\n<figure class=\"wp-block-image size-large\"><img decoding=\"async\" width=\"1024\" height=\"538\" src=\"https:\/\/www.anzianienonsolo.it\/online\/wp-content\/uploads\/2024\/02\/Bari_Pom_WhatsApp-Image-2024-02-27-at-19.10.52-1024x538.jpg\" alt=\"\" class=\"wp-image-10878\" srcset=\"https:\/\/www.anzianienonsolo.it\/online\/wp-content\/uploads\/2024\/02\/Bari_Pom_WhatsApp-Image-2024-02-27-at-19.10.52-1024x538.jpg 1024w, https:\/\/www.anzianienonsolo.it\/online\/wp-content\/uploads\/2024\/02\/Bari_Pom_WhatsApp-Image-2024-02-27-at-19.10.52-300x158.jpg 300w, https:\/\/www.anzianienonsolo.it\/online\/wp-content\/uploads\/2024\/02\/Bari_Pom_WhatsApp-Image-2024-02-27-at-19.10.52-768x403.jpg 768w, https:\/\/www.anzianienonsolo.it\/online\/wp-content\/uploads\/2024\/02\/Bari_Pom_WhatsApp-Image-2024-02-27-at-19.10.52-1536x807.jpg 1536w, https:\/\/www.anzianienonsolo.it\/online\/wp-content\/uploads\/2024\/02\/Bari_Pom_WhatsApp-Image-2024-02-27-at-19.10.52-2048x1076.jpg 2048w, https:\/\/www.anzianienonsolo.it\/online\/wp-content\/uploads\/2024\/02\/Bari_Pom_WhatsApp-Image-2024-02-27-at-19.10.52-900x473.jpg 900w\" sizes=\"(max-width: 1024px) 100vw, 1024px\" \/><\/figure>\n\n\n\n<p>Gli eventi saranno coordinati da Loredana Ligabue segretaria dell\u2019Associazione Carer che parteciper\u00e0 anche al Convegno di apertura della manifestazione&nbsp;<\/p>\n\n\n\n<p>Federico Boccaletti, Vicepresidente di Anziani e non solo, ha dichiarato<em>: \u201cCon l\u2019organizzazione di queste iniziative si conferma la collaborazione fra Anziani e non solo scs e Maggioli Editore sui temi della innovazione nell\u2019attivit\u00e0 di cura a lungo termine da oltre vent\u2019anni nostro impegno primario.&nbsp;<\/em><\/p>\n","protected":false},"excerpt":{"rendered":"<p>Il 13 e il 14 marzo prossimo venturo -a Bari- si svolger\u00e0 la seconda edizione della manifestazione : FORUM DELLA NON AUTOSUFFICIENZA E DELL\u2019AUTONOMIA POSSIBILE-FOCUS PUGLIA (https:\/\/www.nonautosufficienza.it\/bari\/) curato da Maggioli Editore .&nbsp; Un evento convegnistico per operatori, studiosi ed esperti del settore per sviluppare, discutere e progettare le politiche per la non autosufficienza e gli<\/p>\n","protected":false},"author":1,"featured_media":10140,"comment_status":"closed","ping_status":"closed","sticky":false,"template":"","format":"standard","meta":{"footnotes":""},"categories":[116,475,478,121,497,178,118],"tags":[],"class_list":["post-10871","post","type-post","status-publish","format-standard","has-post-thumbnail","hentry","category-carfam","category-demenza-alzheimer","category-eventi-it","category-formazione","category-fragilita","category-in-primo-piano","category-societa-dellinvecchiamento"],"_links":{"self":[{"href":"https:\/\/www.anzianienonsolo.it\/online\/wp-json\/wp\/v2\/posts\/10871"}],"collection":[{"href":"https:\/\/www.anzianienonsolo.it\/online\/wp-json\/wp\/v2\/posts"}],"about":[{"href":"https:\/\/www.anzianienonsolo.it\/online\/wp-json\/wp\/v2\/types\/post"}],"author":[{"embeddable":true,"href":"https:\/\/www.anzianienonsolo.it\/online\/wp-json\/wp\/v2\/users\/1"}],"replies":[{"embeddable":true,"href":"https:\/\/www.anzianienonsolo.it\/online\/wp-json\/wp\/v2\/comments?post=10871"}],"version-history":[{"count":2,"href":"https:\/\/www.anzianienonsolo.it\/online\/wp-json\/wp\/v2\/posts\/10871\/revisions"}],"predecessor-version":[{"id":10879,"href":"https:\/\/www.anzianienonsolo.it\/online\/wp-json\/wp\/v2\/posts\/10871\/revisions\/10879"}],"wp:featuredmedia":[{"embeddable":true,"href":"https:\/\/www.anzianienonsolo.it\/online\/wp-json\/wp\/v2\/media\/10140"}],"wp:attachment":[{"href":"https:\/\/www.anzianienonsolo.it\/online\/wp-json\/wp\/v2\/media?parent=10871"}],"wp:term":[{"taxonomy":"category","embeddable":true,"href":"https:\/\/www.anzianienonsolo.it\/online\/wp-json\/wp\/v2\/categories?post=10871"},{"taxonomy":"post_tag","embeddable":true,"href":"https:\/\/www.anzianienonsolo.it\/online\/wp-json\/wp\/v2\/tags?post=10871"}],"curies":[{"name":"wp","href":"https:\/\/api.w.org\/{rel}","templated":true}]}}