{"id":10848,"date":"2023-02-22T15:28:00","date_gmt":"2023-02-22T14:28:00","guid":{"rendered":"https:\/\/www.anzianienonsolo.it\/online\/?p=10848"},"modified":"2024-02-16T15:57:07","modified_gmt":"2024-02-16T14:57:07","slug":"seniorplus-scarica-la-terza-newsletter-di-progetto","status":"publish","type":"post","link":"https:\/\/www.anzianienonsolo.it\/online\/seniorplus-scarica-la-terza-newsletter-di-progetto\/","title":{"rendered":"Seniorplus: scarica la terza newsletter di progetto"},"content":{"rendered":"\n<p>&nbsp;<strong>Cosa stiamo facendo&nbsp;<\/strong><br>I sei partner stanno lavorando all&#8217;implementazione di un corso di formazione sulle competenze digitali per l&#8217;imprenditorialit\u00e0 rivolto a persone over 55 a rischio di esclusione.&nbsp;<\/p>\n\n\n\n<p>Nel dettaglio, stanno sviluppando dei moduli online per acquisire le competenze digitali di base per il business e mettere i senior in condizione di essere consapevoli dei rischi e dei benefici del lavoro autonomo, di chiarire la propria idea imprenditoriale, di comprendere le necessit\u00e0 per avviare la propria impresa e di gestire un&#8217;attivit\u00e0 redditizia. Sar\u00e0 presto disponibile sul sito web del progetto!&nbsp;<\/p>\n\n\n\n<p><strong>1\u00b0 Meeting transnazionale&nbsp;<\/strong><\/p>\n\n\n\n<p>Il 13 dicembre il partenariato Senior+ si \u00e8 riunito a Kaunas, in Lituania, per il primo incontro transnazionale dei partner (TPM). \u00c8 stata una grande opportunit\u00e0 per incontrarsi e discutere di diversi argomenti, quali:&nbsp;<\/p>\n\n\n\n<p>\u27a2 Come progettare il piano di volontariato, da proporre ai professionisti e da integrare nel programma di incubazione.&nbsp;<\/p>\n\n\n\n<p>\u27a2 Come utilizzare al meglio i dati ottenuti dai questionari su EntreComp e DigiComp.&nbsp;<\/p>\n\n\n\n<p>\u27a2 Come sviluppare il programma di formazione sulle competenze digitali in modo da soddisfare le esigenze degli imprenditori senior a rischio di esclusione.&nbsp;<\/p>\n\n\n\n<p>\u27a2 Come lavorare sui prossimi risultati, compresa la banca delle idee, il prossimo obiettivo su cui si inizier\u00e0 a lavorare a febbraio.<\/p>\n\n\n\n<p><strong>I risultati dell&#8217;indagine sul corso di formazione sulle competenze digitali&nbsp;<\/strong><\/p>\n\n\n\n<p>L&#8217;obiettivo principale della seconda fase del progetto \u00e8 l&#8217;implementazione di un programma di formazione sulle competenze digitali di base per gli imprenditori senior a rischio di esclusione, seguendo i framework DigiComp e EntreComp. Il primo passo per raggiungere questo obiettivo \u00e8 stato, quindi, quello di identificare i bisogni formativi dei nuovi imprenditori emergenti di et\u00e0 superiore ai 55 anni.&nbsp;<\/p>\n\n\n\n<p>Per identificare i bisogni formativi, tutti i partner hanno elaborato un questionario che \u00e8 stato inviato alle organizzazioni (ONG, Centri di formazione per adulti, Centri di formazione per il mercato del lavoro) che lavorano con persone a rischio di esclusione. Anziani e Non Solo, in Italia, ha anche organizzato dei focus group che hanno coinvolto professionisti del settore dell&#8217;istruzione e della formazione professionale, in grado di offrire un&#8217;ulteriore prospettiva sui bisogni formativi.&nbsp;<\/p>\n\n\n\n<p>Un totale di 40 senior ha risposto al questionario e ogni partner ha analizzato i risultati ottenuti. Ecco ci\u00f2 che \u00e8 emerso e che sta guidando i partner nela realizzazione dei moduli di formazione:&nbsp;<\/p>\n\n\n\n<p>\u27a2 In generale, i partecipanti non avevano molta familiarit\u00e0 con DigiComp e EntreComp (a parte i partecipanti della Lituania) e avevano poche conoscenze sulle competenze digitali e sulle abilit\u00e0 comunicative.&nbsp;<\/p>\n\n\n\n<p>\u27a2 I principali ostacoli evidenziati dai partecipanti sono: mancanza di motivazione e assenza di business plan realistici, mancanza di supporto da parte di professionisti o di coach, assenza di fondi finanziari per avviare un&#8217;attivit\u00e0. Anche la legislazione e l&#8217;aspetto burocratico rappresentano una vera e propria barriera al lancio di un&#8217;impresa. I principali ostacoli incontrati nell&#8217;interfacciarsi con gli strumenti digitali sono: mancanza di fiducia, mancanza di corsi adeguati, paura di usare le nuove tecnologie, mancanza di formazione.&nbsp;<\/p>\n\n\n\n<p>\u27a2 Tutti i senior considerano importanti le competenze trasversali, tra cui le principali evidenziate nei questionari sono: competenze digitali, comunicazione, leadership, problem solving e adattabilit\u00e0, capacit\u00e0 di gestire e responsabilizzare i membri del team.&nbsp;<\/p>\n\n\n\n<p><strong>Le prossime tappe&nbsp;<\/strong><\/p>\n\n\n\n<p>Sulla base di quanto ottenuto dalle attivit\u00e0 precedenti e alle esigenze degli incubatori d\u2019impresa:&nbsp;<\/p>\n\n\n\n<p>&#8211; Tutti i partner stanno sviluppando i moduli del curriculum formativo, che sar\u00e0 disponibile in modalit\u00e0 e-learning.&nbsp;<\/p>\n\n\n\n<p>&#8211; Avvio dei lavori per la Banca delle idee, uno strumento online per raccogliere e diffondere idee imprenditoriali per gli over 55.\u00a0<\/p>\n\n\n\n<p>Scarica la newsletter:<br><a href=\"https:\/\/seniorplusproject.eu\/download\/320\/\">https:\/\/seniorplusproject.eu\/download\/320\/<\/a><\/p>\n","protected":false},"excerpt":{"rendered":"<p>&nbsp;Cosa stiamo facendo&nbsp;I sei partner stanno lavorando all&#8217;implementazione di un corso di formazione sulle competenze digitali per l&#8217;imprenditorialit\u00e0 rivolto a persone over 55 a rischio di esclusione.&nbsp; Nel dettaglio, stanno sviluppando dei moduli online per acquisire le competenze digitali di base per il business e mettere i senior in condizione di essere consapevoli dei rischi<\/p>\n","protected":false},"author":1,"featured_media":0,"comment_status":"closed","ping_status":"closed","sticky":false,"template":"","format":"standard","meta":{"footnotes":""},"categories":[316],"tags":[],"class_list":["post-10848","post","type-post","status-publish","format-standard","hentry","category-senza-categoria-it"],"_links":{"self":[{"href":"https:\/\/www.anzianienonsolo.it\/online\/wp-json\/wp\/v2\/posts\/10848"}],"collection":[{"href":"https:\/\/www.anzianienonsolo.it\/online\/wp-json\/wp\/v2\/posts"}],"about":[{"href":"https:\/\/www.anzianienonsolo.it\/online\/wp-json\/wp\/v2\/types\/post"}],"author":[{"embeddable":true,"href":"https:\/\/www.anzianienonsolo.it\/online\/wp-json\/wp\/v2\/users\/1"}],"replies":[{"embeddable":true,"href":"https:\/\/www.anzianienonsolo.it\/online\/wp-json\/wp\/v2\/comments?post=10848"}],"version-history":[{"count":3,"href":"https:\/\/www.anzianienonsolo.it\/online\/wp-json\/wp\/v2\/posts\/10848\/revisions"}],"predecessor-version":[{"id":10851,"href":"https:\/\/www.anzianienonsolo.it\/online\/wp-json\/wp\/v2\/posts\/10848\/revisions\/10851"}],"wp:attachment":[{"href":"https:\/\/www.anzianienonsolo.it\/online\/wp-json\/wp\/v2\/media?parent=10848"}],"wp:term":[{"taxonomy":"category","embeddable":true,"href":"https:\/\/www.anzianienonsolo.it\/online\/wp-json\/wp\/v2\/categories?post=10848"},{"taxonomy":"post_tag","embeddable":true,"href":"https:\/\/www.anzianienonsolo.it\/online\/wp-json\/wp\/v2\/tags?post=10848"}],"curies":[{"name":"wp","href":"https:\/\/api.w.org\/{rel}","templated":true}]}}