{"id":10493,"date":"2023-11-10T15:11:37","date_gmt":"2023-11-10T14:11:37","guid":{"rendered":"https:\/\/www.anzianienonsolo.it\/online\/?p=10493"},"modified":"2023-11-10T15:12:57","modified_gmt":"2023-11-10T14:12:57","slug":"youthasd_pr3","status":"publish","type":"post","link":"https:\/\/www.anzianienonsolo.it\/online\/youthasd_pr3\/","title":{"rendered":"L\u2019Inclusione inizia con la Conoscenza \u2013 Nuovo corso di formazione \u201cL\u2019ABC dell\u2019Autismo\u201d"},"content":{"rendered":"\n<p><strong>Il progetto Erasmus+ YouthASD \u00e8 stato ideato con l&#8217;obiettivo di sensibilizzare la societ\u00e0 sul Disturbo dello Spettro Autistico (ASD). I giovani con ASD si trovano ad affrontare numerose sfide quotidiane che ostacolano la loro piena e attiva partecipazione in diversi contesti, tra cui scuole, associazioni sportive, organizzazioni ricreative, gruppi teatrali, attivit\u00e0 di volontariato e molto altro. Il progetto \u00e8 stato pensato proprio per fornire conoscenze e strumenti a tutte le persone coinvolte in queste situazioni. Il primo risultato pubblicato ha coinvolto direttamente le organizzazioni giovanili, mentre il nuovo corso di formazione \u00e8 rivolto ad operatori giovanili interessati a creare ambienti inclusivi.<\/strong><\/p>\n\n\n\n<p>Il Disturbo dello Spettro Autistico (ASD) rappresenta una forma unica ed eccezionale della diversit\u00e0 umana. In un mondo spesso orientato verso l&#8217;uniformit\u00e0, \u00e8 cruciale riconoscere che ogni individuo, indipendentemente dalla propria neurodiversit\u00e0, apporta un contributo unico alla societ\u00e0.<\/p>\n\n\n\n<p>Promuovere la consapevolezza sull&#8217;ASD significa abbracciare questa diversit\u00e0, imparare a comprendere e valorizzare le sfide e le abilit\u00e0 che le persone con ASD portano con s\u00e9. Questa consapevolezza non pu\u00f2 rimanere confinata a un solo mese o settimana; dovrebbe essere un impegno continuo. \u00c8 un invito a educarsi, sfatare miti e incomprensioni legati a questo tema e accogliere gli individui con ASD con empatia e inclusione.<\/p>\n\n\n\n<p>Per questo motivo, il Progetto Erasmus+ YouthASD \u00e8 lieto di annunciare il lancio di un innovativo Corso di Formazione che mira a promuovere l&#8217;inclusione di individui con Disturbo dello Spettro Autistico (ASD) nelle organizzazioni giovanili e nella comunit\u00e0 in generale.<\/p>\n\n\n\n<p>Creato nell\u2019ambito del progetto YouthASD, co-finanziato dalla Commissione Europea, questo corso innovativo offre una risposta pronta alla crescente domanda di formazione tra i professionisti nei settori sociali ed educativi, cos\u00ec come per chiunque sia interessato a creare ambienti inclusivi per i giovani con ASD.<\/p>\n\n\n\n<p>Questo corso di formazione mira a promuovere un ambiente fisico e relazionale inclusivo e accogliente per i giovani con ASD. \u00c8 stato sviluppato tenendo conto delle esigenze e delle sfide affrontate sia dai giovani che dai professionisti del settore, garantendo un approccio olistico.<\/p>\n\n\n\n<p>Durante la fase di sperimentazione del Corso nei paesi partner, sono stati ricevuti feedback estremamente positivi da parte dei partecipanti, tutti con diverse esperienze e conoscenze. Questo riscontro conferma l&#8217;efficacia del programma e la sua capacit\u00e0 di generare un impatto positivo nella promozione dell&#8217;inclusione.<\/p>\n\n\n\n<p>Il corso di formazione \u00e8 il risultato degli sforzi collaborativi di cinque paesi europei: Danimarca, Grecia, Italia, Spagna e Cipro. \u00c8 stato progettato per essere accessibile a un vasto pubblico, \u00e8 disponibile in quattro lingue e pu\u00f2 essere scaricato gratuitamente dal sito web del progetto tramite il seguente&nbsp;<a href=\"https:\/\/youthasd.eu\/inclusion-methodology-and-training-program\/\">link<\/a>.<\/p>\n\n\n\n<p><strong>Scarica il comunicato completo <a href=\"https:\/\/youthasd.eu\/download\/500\/?tmstv=1699263646\">https:\/\/youthasd.eu\/download\/500\/?tmstv=1699263646<\/a> <\/strong><\/p>\n","protected":false},"excerpt":{"rendered":"<p>Il progetto Erasmus+ YouthASD \u00e8 stato ideato con l&#8217;obiettivo di sensibilizzare la societ\u00e0 sul Disturbo dello Spettro Autistico (ASD). I giovani con ASD si trovano ad affrontare numerose sfide quotidiane che ostacolano la loro piena e attiva partecipazione in diversi contesti, tra cui scuole, associazioni sportive, organizzazioni ricreative, gruppi teatrali, attivit\u00e0 di volontariato e molto<\/p>\n","protected":false},"author":1,"featured_media":9141,"comment_status":"closed","ping_status":"closed","sticky":false,"template":"","format":"standard","meta":{"footnotes":""},"categories":[176,178],"tags":[],"class_list":["post-10493","post","type-post","status-publish","format-standard","has-post-thumbnail","hentry","category-giovani","category-in-primo-piano"],"_links":{"self":[{"href":"https:\/\/www.anzianienonsolo.it\/online\/wp-json\/wp\/v2\/posts\/10493"}],"collection":[{"href":"https:\/\/www.anzianienonsolo.it\/online\/wp-json\/wp\/v2\/posts"}],"about":[{"href":"https:\/\/www.anzianienonsolo.it\/online\/wp-json\/wp\/v2\/types\/post"}],"author":[{"embeddable":true,"href":"https:\/\/www.anzianienonsolo.it\/online\/wp-json\/wp\/v2\/users\/1"}],"replies":[{"embeddable":true,"href":"https:\/\/www.anzianienonsolo.it\/online\/wp-json\/wp\/v2\/comments?post=10493"}],"version-history":[{"count":1,"href":"https:\/\/www.anzianienonsolo.it\/online\/wp-json\/wp\/v2\/posts\/10493\/revisions"}],"predecessor-version":[{"id":10494,"href":"https:\/\/www.anzianienonsolo.it\/online\/wp-json\/wp\/v2\/posts\/10493\/revisions\/10494"}],"wp:featuredmedia":[{"embeddable":true,"href":"https:\/\/www.anzianienonsolo.it\/online\/wp-json\/wp\/v2\/media\/9141"}],"wp:attachment":[{"href":"https:\/\/www.anzianienonsolo.it\/online\/wp-json\/wp\/v2\/media?parent=10493"}],"wp:term":[{"taxonomy":"category","embeddable":true,"href":"https:\/\/www.anzianienonsolo.it\/online\/wp-json\/wp\/v2\/categories?post=10493"},{"taxonomy":"post_tag","embeddable":true,"href":"https:\/\/www.anzianienonsolo.it\/online\/wp-json\/wp\/v2\/tags?post=10493"}],"curies":[{"name":"wp","href":"https:\/\/api.w.org\/{rel}","templated":true}]}}