{"id":1045,"date":"2015-09-14T18:07:22","date_gmt":"2015-09-14T16:07:22","guid":{"rendered":"http:\/\/www.anzianienonsolo.it\/?p=1045"},"modified":"2015-09-14T18:07:22","modified_gmt":"2015-09-14T16:07:22","slug":"care_wor_volontari","status":"publish","type":"post","link":"https:\/\/www.anzianienonsolo.it\/online\/care_wor_volontari\/","title":{"rendered":"CERCHIAMO VOLONTARI PER UNA RICERCA-AZIONE SULLE COMPETENZE DEI GIOVANI CAREGIVER"},"content":{"rendered":"<h2><a href=\"http:\/\/www.anzianienonsolo.it\/online\/wp-content\/uploads\/2015\/09\/volantino_volontari1.jpg\"><img decoding=\"async\" class=\"size-medium wp-image-1046 aligncenter\" alt=\"volantino_volontari1\" src=\"http:\/\/www.anzianienonsolo.it\/wp-content\/uploads\/2015\/09\/volantino_volontari1-300x48.jpg\" width=\"300\" height=\"48\" \/><\/a><\/h2>\n<h2><span style=\"color: #3366ff;\"><strong>PARLACI DI TE!<\/strong><\/span><\/h2>\n<p><strong><span style=\"color: #3366ff;\">CERCHIAMO VOLONTARI PER UNA RICERCA-AZIONE SULLE COMPETENZE DEI GIOVANI CAREGIVER <\/span><\/strong><br \/>\n<strong><span style=\"color: #3366ff;\"><a href=\"http:\/\/www.anzianienonsolo.it\/online\/wp-content\/uploads\/2015\/09\/volantino_volontari2.jpg\"><img fetchpriority=\"high\" decoding=\"async\" class=\"alignleft size-medium wp-image-1047\" alt=\"volantino_volontari2\" src=\"http:\/\/www.anzianienonsolo.it\/wp-content\/uploads\/2015\/09\/volantino_volontari2-173x300.jpg\" width=\"173\" height=\"300\" srcset=\"https:\/\/www.anzianienonsolo.it\/online\/wp-content\/uploads\/2015\/09\/volantino_volontari2-173x300.jpg 173w, https:\/\/www.anzianienonsolo.it\/online\/wp-content\/uploads\/2015\/09\/volantino_volontari2-600x1039.jpg 600w, https:\/\/www.anzianienonsolo.it\/online\/wp-content\/uploads\/2015\/09\/volantino_volontari2-591x1024.jpg 591w, https:\/\/www.anzianienonsolo.it\/online\/wp-content\/uploads\/2015\/09\/volantino_volontari2-768x1330.jpg 768w, https:\/\/www.anzianienonsolo.it\/online\/wp-content\/uploads\/2015\/09\/volantino_volontari2.jpg 782w\" sizes=\"(max-width: 173px) 100vw, 173px\" \/><\/a>COSA FACCIAMO?\u00a0<\/span><\/strong>Care2work \u00e8 un progetto finanziato dall\u2019Unione Europea e finalizzato a valorizzare le competenze dei giovani \u2013 in particolare se stranieri \u2013 che si prendono cura di loro familiari (caregiver) per facilitare il loro inserimento nel mondo del lavoro. Vogliamo ascoltare le voci dei giovani caregiver per capire: cosa significa essere giovani e prendersi cura di un proprio familiare, cosa si pu\u00f2 imparare dall\u2019 esperienza di cura, quali difficolt\u00e0 od ostacoli nel percorso scolastico o professionale pu\u00f2 causare avere un impegno di cura e cosa potrebbe contribuire a superare questi ostacoli.<br \/>\n&nbsp;<br \/>\n<strong><span style=\"color: #3366ff;\"> PERCHE\u2019 PARTECIPARE?<\/span> <\/strong>Collaborare al progetto ci aiuter\u00e0 a conoscere meglio i giovani caregiver e a capire come aiutarli. Sar\u00e0 utile per te e per tanti altri ragazzi che vivono situazioni simili alla tua.<br \/>\n<strong><span style=\"color: #3366ff;\">CHI PUO\u2019 PARTECIPARE?<\/span> <\/strong>Puoi partecipare se: &#8211; Hai tra i 16 e i 25 anni [NB: se sei minorenne servir\u00e0 il consenso dei tuoi genitori] &#8211; Hai un familiare che ha bisogno di cure speciali (ad esempio un fratello con handicap, o un genitore con una malattia fisica o mentale) &#8211; Vivi a Carpi (MO) o zone limitrofe<br \/>\n<span style=\"color: #3366ff;\"><strong> COSA FARAI?<\/strong> <\/span>Ti inviteremo a partecipare ad un\u2019intervista (anche telefonica o via Skype) o ad un gruppo di discussione. Tutto ci\u00f2 che ci racconterai sar\u00e0 confidenziale e i dati saranno trattati esclusivamente in forma anonima (cio\u00e8 il tuo nome non comparir\u00e0).<br \/>\nLa partecipazione \u00e8 completamente gratuita e il tuo tempo sar\u00e0 ricompensato con un buono acquisto per il sito IBS.it<br \/>\nPer partecipare o per qualsiasi informazione puoi contattare Anziani e non solo al numero 059- 645421 o via Email: progetti@anzianienonsolo.it o via Facebook.<br \/>\n<strong>Attenzione: puoi mandare la tua candidatura fino al 05.10.2015.<\/strong><br \/>\n&nbsp;<br \/>\n<a href=\"http:\/\/www.anzianienonsolo.it\/online\/wp-content\/uploads\/2015\/09\/volantino_volontari.pdf\">Scarica il volantino<\/a><\/p>\n","protected":false},"excerpt":{"rendered":"<p>Collaborare al progetto Care2work  ci aiuter\u00e0 a conoscere meglio i giovani caregiver e a capire come aiutarli. Sar\u00e0 utile per te e per tanti altri ragazzi che vivono situazioni simili alla tua.<\/p>\n","protected":false},"author":1,"featured_media":1048,"comment_status":"open","ping_status":"open","sticky":false,"template":"","format":"standard","meta":{"footnotes":""},"categories":[116],"tags":[],"class_list":["post-1045","post","type-post","status-publish","format-standard","has-post-thumbnail","hentry","category-carfam"],"_links":{"self":[{"href":"https:\/\/www.anzianienonsolo.it\/online\/wp-json\/wp\/v2\/posts\/1045"}],"collection":[{"href":"https:\/\/www.anzianienonsolo.it\/online\/wp-json\/wp\/v2\/posts"}],"about":[{"href":"https:\/\/www.anzianienonsolo.it\/online\/wp-json\/wp\/v2\/types\/post"}],"author":[{"embeddable":true,"href":"https:\/\/www.anzianienonsolo.it\/online\/wp-json\/wp\/v2\/users\/1"}],"replies":[{"embeddable":true,"href":"https:\/\/www.anzianienonsolo.it\/online\/wp-json\/wp\/v2\/comments?post=1045"}],"version-history":[{"count":0,"href":"https:\/\/www.anzianienonsolo.it\/online\/wp-json\/wp\/v2\/posts\/1045\/revisions"}],"wp:featuredmedia":[{"embeddable":true,"href":"https:\/\/www.anzianienonsolo.it\/online\/wp-json\/wp\/v2\/media\/1048"}],"wp:attachment":[{"href":"https:\/\/www.anzianienonsolo.it\/online\/wp-json\/wp\/v2\/media?parent=1045"}],"wp:term":[{"taxonomy":"category","embeddable":true,"href":"https:\/\/www.anzianienonsolo.it\/online\/wp-json\/wp\/v2\/categories?post=1045"},{"taxonomy":"post_tag","embeddable":true,"href":"https:\/\/www.anzianienonsolo.it\/online\/wp-json\/wp\/v2\/tags?post=1045"}],"curies":[{"name":"wp","href":"https:\/\/api.w.org\/{rel}","templated":true}]}}