{"id":10423,"date":"2023-09-24T09:21:13","date_gmt":"2023-09-24T07:21:13","guid":{"rendered":"https:\/\/www.anzianienonsolo.it\/online\/?p=10423"},"modified":"2023-10-06T09:34:43","modified_gmt":"2023-10-06T07:34:43","slug":"giornata-europea-del-caregiver-familiare-2023","status":"publish","type":"post","link":"https:\/\/www.anzianienonsolo.it\/online\/giornata-europea-del-caregiver-familiare-2023\/","title":{"rendered":"Giornata Europea del caregiver familiare all&#8217;insegna della conciliazione"},"content":{"rendered":"\n<p><em>Anziani e non solo, CARER ETS ed Eurocarers promuovono una campagna europea in vista della<br>Giornata Europea del caregiver familiare per promuovere una migliore conciliazione tra lavoro,<br>vita privata e impegni di cura per i caregiver familiari.<\/em><\/p>\n\n\n\n<p><br>Anziani e non solo, la prima cooperativa sociale italiana ad occuparsi di caregiver familiari, CARER ETS la prima associazione italiana rivolta in modo esclusivo a caregiver familiari ed Eurocarers, la rete europea che lavora con e per i caregiver familiari, sono orgogliosi di annunciare l\u2019avvio, in vista della Giornata Europea del Caregiver Familiare il 06 ottobre prossimo, di una campagna di sensibilizzazione volta a portare l\u2019attenzione sulle sfide che i caregiver familiari affrontano per conciliare lavoro, vita privata e impegni di cura.<\/p>\n\n\n\n<p><br>Anziani e non solo e CARER ETS richiamano l\u2019attenzione su un maggior riconoscimento del ruolo<br>insostituibile che i caregiver familiari svolgono nella societ\u00e0, fornendo supporto e cure essenziali a<br>propri familiari fragili, spesso a scapito della propria salute e benessere. La campagna lanciata in<br>occasione della Giornata Europea fa luce sul bisogno urgente di favorire un bilanciamento tra<br>responsabilit\u00e0 di cura, impegni professionali e vita privata.<br>&#8220;Siamo molto felici di essere coinvolti in questa campagna per portare l\u2019attenzione sulle difficolt\u00e0<br>che i caregiver familiari affrontano nel tenere insieme i loro impegni di cura, le loro aspirazioni<br>professionali e i loro obiettivi personali\u201d dice Licia Boccaletti, Presidente di Anziani e non solo. \u201cLa<br>nostra missione \u00e8 di promuovere interventi di sostegno, risorse e un cambiamento culturale che<br>aiutino i caregiver a trovare un equilibrio soddisfacente tra tutti gli aspetti della loro vita\u201d.<br>\u201cPer l\u2019Italia attendiamo cambiamenti importanti: una normativa nazionale dopo le 10 regioni che- a<br>partire dalla Regione Emilia Romagna hanno varato una legge di riconoscimento e sostegno ai<br>caregiver. CARER ETS \u00e8 in campo per sostenere i diritti dei familiari che si prendono cura, per<br>politiche che favoriscano una reale conciliazione tra lavoro, famiglia e cura\u201d afferma Lalla Golfarelli<br>Presidente di CARER ETS.<\/p>\n\n\n\n<p><br>La mancanza di equilibrio tra lavoro e vita privata pu\u00f2 avere effetti profondamente negativi sia<br>caregiver familiari che sulle persone di cui si prendono cura. La tensione fisica ed emotiva derivante<br>dalla gestione delle responsabilit\u00e0 di assistenza insieme agli impegni lavorativi pu\u00f2 portare al<br>burnout, a problemi di salute legati allo stress e all\u2019isolamento sociale, mettendo a rischio anche la<br>qualit\u00e0 dell\u2019assistenza fornita. Inoltre, le difficolt\u00e0 economiche derivanti ad esempio dall\u2019esigenza di<br>ridurre il proprio orario di lavoro o di interrompere la propria carriera pu\u00f2 spingere i caregiver<br>familiari verso un rischio di povert\u00e0.<br>La campagna offrir\u00e0 una serie di risorse, tra cui articoli informativi, materiali visuali e narrazioni.<br>Questa campagna sar\u00e0 tradotta e adattata in diversi contesti nazionali, per raggiungere un vasto<br>pubblico in tutta Europa.<\/p>\n\n\n\n<p>&#8220;I nostri membri nazionali svolgono un ruolo cruciale nell&#8217;adattare il messaggio della campagna alle<br>rispettive comunit\u00e0&#8221;, afferma Stecy Yghemonos, direttore esecutivo di Eurocarers. &#8220;Invitiamo ogni<br>membro a condividere ampiamente i materiali della campagna all&#8217;interno delle proprie reti,<br>promuovendo una maggiore comprensione delle sfide che i caregiver familiari devono affrontare&#8221;.<\/p>\n\n\n\n<p><br><strong>Per ulteriori informazioni, contattare:<\/strong><br>Licia Boccaletti<br>Presidente | Anziani e non solo soc. coop. Soc.<br>progetti@anzianienonsolo.it<br>059-645421<\/p>\n\n\n\n<p>Loredana Ligabue<br>Segretaria | CARER ETS<br>info@associazionecarer.it<\/p>\n\n\n\n<figure class=\"wp-block-gallery has-nested-images columns-default is-cropped wp-block-gallery-1 is-layout-flex wp-block-gallery-is-layout-flex\">\n<figure class=\"wp-block-image size-large\"><img fetchpriority=\"high\" decoding=\"async\" width=\"1024\" height=\"1024\" data-id=\"10429\" src=\"https:\/\/www.anzianienonsolo.it\/online\/wp-content\/uploads\/2020\/07\/compil-IT4-2048x2048-1-1024x1024.png\" alt=\"\" class=\"wp-image-10429\" srcset=\"https:\/\/www.anzianienonsolo.it\/online\/wp-content\/uploads\/2020\/07\/compil-IT4-2048x2048-1-1024x1024.png 1024w, https:\/\/www.anzianienonsolo.it\/online\/wp-content\/uploads\/2020\/07\/compil-IT4-2048x2048-1-300x300.png 300w, https:\/\/www.anzianienonsolo.it\/online\/wp-content\/uploads\/2020\/07\/compil-IT4-2048x2048-1-150x150.png 150w, https:\/\/www.anzianienonsolo.it\/online\/wp-content\/uploads\/2020\/07\/compil-IT4-2048x2048-1-768x768.png 768w, https:\/\/www.anzianienonsolo.it\/online\/wp-content\/uploads\/2020\/07\/compil-IT4-2048x2048-1-1536x1536.png 1536w, https:\/\/www.anzianienonsolo.it\/online\/wp-content\/uploads\/2020\/07\/compil-IT4-2048x2048-1-50x50.png 50w, https:\/\/www.anzianienonsolo.it\/online\/wp-content\/uploads\/2020\/07\/compil-IT4-2048x2048-1-320x320.png 320w, https:\/\/www.anzianienonsolo.it\/online\/wp-content\/uploads\/2020\/07\/compil-IT4-2048x2048-1-900x900.png 900w, https:\/\/www.anzianienonsolo.it\/online\/wp-content\/uploads\/2020\/07\/compil-IT4-2048x2048-1-600x600.png 600w, https:\/\/www.anzianienonsolo.it\/online\/wp-content\/uploads\/2020\/07\/compil-IT4-2048x2048-1-100x100.png 100w, https:\/\/www.anzianienonsolo.it\/online\/wp-content\/uploads\/2020\/07\/compil-IT4-2048x2048-1.png 2048w\" sizes=\"(max-width: 1024px) 100vw, 1024px\" \/><\/figure>\n\n\n\n<figure class=\"wp-block-image size-large\"><img decoding=\"async\" width=\"1024\" height=\"1024\" data-id=\"10428\" src=\"https:\/\/www.anzianienonsolo.it\/online\/wp-content\/uploads\/2020\/07\/compil-IT3-2048x2048-1-1024x1024.png\" alt=\"\" class=\"wp-image-10428\" srcset=\"https:\/\/www.anzianienonsolo.it\/online\/wp-content\/uploads\/2020\/07\/compil-IT3-2048x2048-1-1024x1024.png 1024w, https:\/\/www.anzianienonsolo.it\/online\/wp-content\/uploads\/2020\/07\/compil-IT3-2048x2048-1-300x300.png 300w, https:\/\/www.anzianienonsolo.it\/online\/wp-content\/uploads\/2020\/07\/compil-IT3-2048x2048-1-150x150.png 150w, https:\/\/www.anzianienonsolo.it\/online\/wp-content\/uploads\/2020\/07\/compil-IT3-2048x2048-1-768x768.png 768w, https:\/\/www.anzianienonsolo.it\/online\/wp-content\/uploads\/2020\/07\/compil-IT3-2048x2048-1-1536x1536.png 1536w, https:\/\/www.anzianienonsolo.it\/online\/wp-content\/uploads\/2020\/07\/compil-IT3-2048x2048-1-50x50.png 50w, https:\/\/www.anzianienonsolo.it\/online\/wp-content\/uploads\/2020\/07\/compil-IT3-2048x2048-1-320x320.png 320w, https:\/\/www.anzianienonsolo.it\/online\/wp-content\/uploads\/2020\/07\/compil-IT3-2048x2048-1-900x900.png 900w, https:\/\/www.anzianienonsolo.it\/online\/wp-content\/uploads\/2020\/07\/compil-IT3-2048x2048-1-600x600.png 600w, https:\/\/www.anzianienonsolo.it\/online\/wp-content\/uploads\/2020\/07\/compil-IT3-2048x2048-1-100x100.png 100w, https:\/\/www.anzianienonsolo.it\/online\/wp-content\/uploads\/2020\/07\/compil-IT3-2048x2048-1.png 2048w\" sizes=\"(max-width: 1024px) 100vw, 1024px\" \/><\/figure>\n\n\n\n<figure class=\"wp-block-image size-large\"><img decoding=\"async\" width=\"1024\" height=\"1024\" data-id=\"10427\" src=\"https:\/\/www.anzianienonsolo.it\/online\/wp-content\/uploads\/2020\/07\/compil-IT2-2048x2048-1-1024x1024.png\" alt=\"\" class=\"wp-image-10427\" srcset=\"https:\/\/www.anzianienonsolo.it\/online\/wp-content\/uploads\/2020\/07\/compil-IT2-2048x2048-1-1024x1024.png 1024w, https:\/\/www.anzianienonsolo.it\/online\/wp-content\/uploads\/2020\/07\/compil-IT2-2048x2048-1-300x300.png 300w, https:\/\/www.anzianienonsolo.it\/online\/wp-content\/uploads\/2020\/07\/compil-IT2-2048x2048-1-150x150.png 150w, https:\/\/www.anzianienonsolo.it\/online\/wp-content\/uploads\/2020\/07\/compil-IT2-2048x2048-1-768x768.png 768w, https:\/\/www.anzianienonsolo.it\/online\/wp-content\/uploads\/2020\/07\/compil-IT2-2048x2048-1-1536x1536.png 1536w, https:\/\/www.anzianienonsolo.it\/online\/wp-content\/uploads\/2020\/07\/compil-IT2-2048x2048-1-50x50.png 50w, https:\/\/www.anzianienonsolo.it\/online\/wp-content\/uploads\/2020\/07\/compil-IT2-2048x2048-1-320x320.png 320w, https:\/\/www.anzianienonsolo.it\/online\/wp-content\/uploads\/2020\/07\/compil-IT2-2048x2048-1-900x900.png 900w, https:\/\/www.anzianienonsolo.it\/online\/wp-content\/uploads\/2020\/07\/compil-IT2-2048x2048-1-600x600.png 600w, https:\/\/www.anzianienonsolo.it\/online\/wp-content\/uploads\/2020\/07\/compil-IT2-2048x2048-1-100x100.png 100w, https:\/\/www.anzianienonsolo.it\/online\/wp-content\/uploads\/2020\/07\/compil-IT2-2048x2048-1.png 2048w\" sizes=\"(max-width: 1024px) 100vw, 1024px\" \/><\/figure>\n\n\n\n<figure class=\"wp-block-image size-large\"><img loading=\"lazy\" decoding=\"async\" width=\"1024\" height=\"1024\" data-id=\"10426\" src=\"https:\/\/www.anzianienonsolo.it\/online\/wp-content\/uploads\/2020\/07\/compil-IT-2048x2048-1-1024x1024.png\" alt=\"\" class=\"wp-image-10426\" srcset=\"https:\/\/www.anzianienonsolo.it\/online\/wp-content\/uploads\/2020\/07\/compil-IT-2048x2048-1-1024x1024.png 1024w, https:\/\/www.anzianienonsolo.it\/online\/wp-content\/uploads\/2020\/07\/compil-IT-2048x2048-1-300x300.png 300w, https:\/\/www.anzianienonsolo.it\/online\/wp-content\/uploads\/2020\/07\/compil-IT-2048x2048-1-150x150.png 150w, https:\/\/www.anzianienonsolo.it\/online\/wp-content\/uploads\/2020\/07\/compil-IT-2048x2048-1-768x768.png 768w, https:\/\/www.anzianienonsolo.it\/online\/wp-content\/uploads\/2020\/07\/compil-IT-2048x2048-1-1536x1536.png 1536w, https:\/\/www.anzianienonsolo.it\/online\/wp-content\/uploads\/2020\/07\/compil-IT-2048x2048-1-50x50.png 50w, https:\/\/www.anzianienonsolo.it\/online\/wp-content\/uploads\/2020\/07\/compil-IT-2048x2048-1-320x320.png 320w, https:\/\/www.anzianienonsolo.it\/online\/wp-content\/uploads\/2020\/07\/compil-IT-2048x2048-1-900x900.png 900w, https:\/\/www.anzianienonsolo.it\/online\/wp-content\/uploads\/2020\/07\/compil-IT-2048x2048-1-600x600.png 600w, https:\/\/www.anzianienonsolo.it\/online\/wp-content\/uploads\/2020\/07\/compil-IT-2048x2048-1-100x100.png 100w, https:\/\/www.anzianienonsolo.it\/online\/wp-content\/uploads\/2020\/07\/compil-IT-2048x2048-1.png 2048w\" sizes=\"(max-width: 1024px) 100vw, 1024px\" \/><\/figure>\n<\/figure>\n","protected":false},"excerpt":{"rendered":"<p>Anziani e non solo, CARER ETS ed Eurocarers promuovono una campagna europea in vista dellaGiornata Europea del caregiver familiare per promuovere una migliore conciliazione tra lavoro,vita privata e impegni di cura per i caregiver familiari. Anziani e non solo, la prima cooperativa sociale italiana ad occuparsi di caregiver familiari, CARER ETS la prima associazione italiana<\/p>\n","protected":false},"author":1,"featured_media":10424,"comment_status":"closed","ping_status":"closed","sticky":false,"template":"","format":"standard","meta":{"footnotes":""},"categories":[116,532,178],"tags":[],"class_list":["post-10423","post","type-post","status-publish","format-standard","has-post-thumbnail","hentry","category-carfam","category-conciliazione","category-in-primo-piano"],"_links":{"self":[{"href":"https:\/\/www.anzianienonsolo.it\/online\/wp-json\/wp\/v2\/posts\/10423"}],"collection":[{"href":"https:\/\/www.anzianienonsolo.it\/online\/wp-json\/wp\/v2\/posts"}],"about":[{"href":"https:\/\/www.anzianienonsolo.it\/online\/wp-json\/wp\/v2\/types\/post"}],"author":[{"embeddable":true,"href":"https:\/\/www.anzianienonsolo.it\/online\/wp-json\/wp\/v2\/users\/1"}],"replies":[{"embeddable":true,"href":"https:\/\/www.anzianienonsolo.it\/online\/wp-json\/wp\/v2\/comments?post=10423"}],"version-history":[{"count":8,"href":"https:\/\/www.anzianienonsolo.it\/online\/wp-json\/wp\/v2\/posts\/10423\/revisions"}],"predecessor-version":[{"id":10437,"href":"https:\/\/www.anzianienonsolo.it\/online\/wp-json\/wp\/v2\/posts\/10423\/revisions\/10437"}],"wp:featuredmedia":[{"embeddable":true,"href":"https:\/\/www.anzianienonsolo.it\/online\/wp-json\/wp\/v2\/media\/10424"}],"wp:attachment":[{"href":"https:\/\/www.anzianienonsolo.it\/online\/wp-json\/wp\/v2\/media?parent=10423"}],"wp:term":[{"taxonomy":"category","embeddable":true,"href":"https:\/\/www.anzianienonsolo.it\/online\/wp-json\/wp\/v2\/categories?post=10423"},{"taxonomy":"post_tag","embeddable":true,"href":"https:\/\/www.anzianienonsolo.it\/online\/wp-json\/wp\/v2\/tags?post=10423"}],"curies":[{"name":"wp","href":"https:\/\/api.w.org\/{rel}","templated":true}]}}