{"id":10384,"date":"2023-06-30T11:19:00","date_gmt":"2023-06-30T09:19:00","guid":{"rendered":"https:\/\/www.anzianienonsolo.it\/online\/?p=10384"},"modified":"2023-07-19T11:22:25","modified_gmt":"2023-07-19T09:22:25","slug":"una-cassetta-degli-attrezzi-per-la-sensibilizzazione-dellimpatto-del-covid-19-sulla-salute-mentale-degli-adolescenti-il-nuovo-risultato-del-progetto-europeo-arty","status":"publish","type":"post","link":"https:\/\/www.anzianienonsolo.it\/online\/una-cassetta-degli-attrezzi-per-la-sensibilizzazione-dellimpatto-del-covid-19-sulla-salute-mentale-degli-adolescenti-il-nuovo-risultato-del-progetto-europeo-arty\/","title":{"rendered":"Una cassetta degli attrezzi per la sensibilizzazione dell\u2019impatto del covid-19 sulla salute mentale degli adolescenti: il nuovo risultato del progetto europeo Arty\u00a0"},"content":{"rendered":"\n<p>Il progetto europeo ARTY, finanziato dal programma Erasmus+, oltre che promuovere l\u2019uso dell\u2019arte per l\u2019elaborazione e la gestione di vissuti emozionali difficili mira anche alla sensibilizzazione dell\u2019opinione pubblica riguardo la salute mentale dei giovani e di come questa sia stata fortemente influenzata dalla pandemia da covid-19. A tal proposito il partenariato del progetto lancia un insieme di strumenti di sensibilizzazione che vanno a comporre una cassetta degli attrezzi virtuali utile per cogliere i bisogni dell\u2019adolescente e gestirli al meglio.\u00a0<\/p>\n\n\n\n<p>La pandemia da covid-19 ha determinato cambiamenti significativi nelle nostre vite determinando un forte impatto emotivo in tutti noi. Gli adolescenti, per\u00f2, pi\u00f9 di tutti hanno mostrato una sensibilit\u00e0 maggiore a tali privazioni, infatti la chiusura delle scuole e l\u2019impossibilit\u00e0 di coltivare e sperimentare le relazioni con i pari, in un periodo critico per lo sviluppo della propria identit\u00e0 e del proprio s\u00e9 sociale ha determinato effetti psicologici significativi. Proprio per tale ragione il partenariato del progetto Arty ha pensato che tali effetti non dovessero passare inosservati e che bisognasse sensibilizzare l\u2019opinione pubblica, affinch\u00e9 possano essere messe in campo risorse appropriate per rispondere a questi bisogni emergenti. E\u2019 nata cos\u00ec l\u2019idea di creare una cassetta degli attrezzi costituita da un documento che illustra l\u2019impatto che la pandemia ha avuto sulla salute mentale degli adolescenti europei, redatto sulla base di informazioni raccolte all\u2019interno di gruppi di discussione, che hanno coinvolto pi\u00f9 di 200 professionisti. Inoltre state create anche infografiche e video che riguardano tematiche come i segnali d\u2019allarme del disagio psicologico, come chiedere aiuto, gli strumenti artistici digitali per la promozione della salute mentale degli adolescenti, stabilire protocolli d\u2019azione per le famiglie e le scuole, suggerimenti per la gestione dello stress, dell\u2019ansia e dell\u2019isolamento e come organizzare campagne di sensibilizzazione. <\/p>\n\n\n\n<p>Tutti i materiali sono scaricabili dal sito del progetto e sono disponibili in cinque lingue (inglese, spagnolo, italiano, rumeno e greco).\u00a0<\/p>\n\n\n\n<figure class=\"wp-block-embed is-type-wp-embed is-provider-arty wp-block-embed-arty\"><div class=\"wp-block-embed__wrapper\">\n<blockquote class=\"wp-embedded-content\" data-secret=\"cNX8bMeRDz\"><a href=\"https:\/\/artyproject.eu\/downloads\/\">Downloads<\/a><\/blockquote><iframe class=\"wp-embedded-content\" sandbox=\"allow-scripts\" security=\"restricted\" style=\"position: absolute; clip: rect(1px, 1px, 1px, 1px);\" title=\"&#8220;Downloads&#8221; &#8212; ARTY\" src=\"https:\/\/artyproject.eu\/downloads\/embed\/#?secret=rFmusHncwp#?secret=cNX8bMeRDz\" data-secret=\"cNX8bMeRDz\" width=\"600\" height=\"338\" frameborder=\"0\" marginwidth=\"0\" marginheight=\"0\" scrolling=\"no\"><\/iframe>\n<\/div><\/figure>\n","protected":false},"excerpt":{"rendered":"<p>Il progetto europeo ARTY, finanziato dal programma Erasmus+, oltre che promuovere l\u2019uso dell\u2019arte per l\u2019elaborazione e la gestione di vissuti emozionali difficili mira anche alla sensibilizzazione dell\u2019opinione pubblica riguardo la salute mentale dei giovani e di come questa sia stata fortemente influenzata dalla pandemia da covid-19. A tal proposito il partenariato del progetto lancia un<\/p>\n","protected":false},"author":1,"featured_media":10071,"comment_status":"closed","ping_status":"closed","sticky":false,"template":"","format":"standard","meta":{"footnotes":""},"categories":[493],"tags":[],"class_list":["post-10384","post","type-post","status-publish","format-standard","has-post-thumbnail","hentry","category-arte-terapia"],"_links":{"self":[{"href":"https:\/\/www.anzianienonsolo.it\/online\/wp-json\/wp\/v2\/posts\/10384"}],"collection":[{"href":"https:\/\/www.anzianienonsolo.it\/online\/wp-json\/wp\/v2\/posts"}],"about":[{"href":"https:\/\/www.anzianienonsolo.it\/online\/wp-json\/wp\/v2\/types\/post"}],"author":[{"embeddable":true,"href":"https:\/\/www.anzianienonsolo.it\/online\/wp-json\/wp\/v2\/users\/1"}],"replies":[{"embeddable":true,"href":"https:\/\/www.anzianienonsolo.it\/online\/wp-json\/wp\/v2\/comments?post=10384"}],"version-history":[{"count":1,"href":"https:\/\/www.anzianienonsolo.it\/online\/wp-json\/wp\/v2\/posts\/10384\/revisions"}],"predecessor-version":[{"id":10385,"href":"https:\/\/www.anzianienonsolo.it\/online\/wp-json\/wp\/v2\/posts\/10384\/revisions\/10385"}],"wp:featuredmedia":[{"embeddable":true,"href":"https:\/\/www.anzianienonsolo.it\/online\/wp-json\/wp\/v2\/media\/10071"}],"wp:attachment":[{"href":"https:\/\/www.anzianienonsolo.it\/online\/wp-json\/wp\/v2\/media?parent=10384"}],"wp:term":[{"taxonomy":"category","embeddable":true,"href":"https:\/\/www.anzianienonsolo.it\/online\/wp-json\/wp\/v2\/categories?post=10384"},{"taxonomy":"post_tag","embeddable":true,"href":"https:\/\/www.anzianienonsolo.it\/online\/wp-json\/wp\/v2\/tags?post=10384"}],"curies":[{"name":"wp","href":"https:\/\/api.w.org\/{rel}","templated":true}]}}